{"id":1210,"date":"2016-11-23T04:44:11","date_gmt":"2016-11-23T04:44:11","guid":{"rendered":"http:\/\/francophone.port.ac.uk\/?p=1210"},"modified":"2016-11-23T04:48:54","modified_gmt":"2016-11-23T04:48:54","slug":"anciens-tirailleurs-senegalais-demandent-nationalite-francaise","status":"publish","type":"post","link":"https:\/\/francophone.port.ac.uk\/?p=1210","title":{"rendered":"Anciens tirailleurs s\u00e9n\u00e9galais demandent nationalit\u00e9 fran\u00e7aise"},"content":{"rendered":"<p>Comme Ndongo Dieng et d\u2019Alioune Mbodji, un millier d\u2019ex-soldats de l\u2019Empire colonial ayant combattu pour la France attendent leur naturalisation.<br \/>\nEn savoir plus sur http:\/\/www.lemonde.fr\/afrique\/article\/2016\/11\/11\/anciens-tirailleurs-senegalais-demandent-nationalite-francaise_5029618_3212.html#3hO7yOEgcdbkpipQ.99<\/p>\n<figure class=\"illustration_haut\" data-toggle=\"popover\" data-target=\"this\"><img decoding=\"async\" class=\"lazy-retina\" title=\"DR\" src=\"http:\/\/s2.lemde.fr\/image\/2016\/11\/11\/768x0\/5029616_6_b784_les-senegalais-ndongo-dieng-81-ans_1571741b40864a37dc0062245bb75512.jpg\" alt=\"Les S\u00e9n\u00e9galais Ndongo Dieng, 81 ans, et\u00a0Alioune Mbodji, 85 ans, ont tous deux combattu pour la France.\" width=\"768\" data-lazyload=\"false\" \/><figcaption class=\"legende\">Les S\u00e9n\u00e9galais Ndongo Dieng, 81 ans, et\u00a0Alioune Mbodji, 85 ans, ont tous deux combattu pour la France. <span class=\"credits\">CR\u00c9DITS : DR<\/span><\/figcaption><\/figure>\n<h2 class=\"taille_courante\"><\/h2>\n<article class=\"article\">\n<div class=\"content-article-body contenu_article\">\n<h2 class=\"taille_courante\">\u00ab\u00a0<em>Je ne comprends pas pourquoi on n\u2019a pas la nationalit\u00e9 fran\u00e7aise, on est n\u00e9s fran\u00e7ais, on a combattu pour la France\u00a0!\u00a0<\/em>\u00bb Ndongo Dieng, S\u00e9n\u00e9galais, 81 ans, scrute des photos d\u2019une c\u00e9r\u00e9monie officielle de Bondy \u00e0 laquelle il participait, en juin\u00a02016, en tant qu\u2019ancien combattant fran\u00e7ais. <em>\u00ab\u00a0Tous les ans, on y d\u00e9pose une gerbe, nous, les tirailleurs.\u00a0\u00bb <\/em>Aujourd\u2019hui, celui qui \u00e9tait colonel dans l\u2019Alg\u00e9rois est log\u00e9 dans un 17 m\u00e8tres carr\u00e9s du foyer social de la ville, et touche 335\u00a0euros par semestre.<\/h2>\n<p>A c\u00f4t\u00e9 de lui, Alioune Mbodji, 85 ans, S\u00e9n\u00e9galais et ancien sergent dans l\u2019arm\u00e9e fran\u00e7aise. \u00ab\u00a0<em>Cette m\u00e9daille, c\u2019est l\u2019Indochine, en\u00a01953. Celle-l\u00e0, l\u2019Alg\u00e9rie, en 56\u2026 Les autres, c\u2019est quand je suis rentr\u00e9 au S\u00e9n\u00e9gal.\u00a0<\/em>\u00bb La t\u00eate baiss\u00e9e vers ses m\u00e9dailles qu\u2019il accroche fi\u00e8rement \u00e0 sa veste d\u00e8s qu\u2019un visiteur lui rend visite, le \u00ab\u00a0vieux Mbodji\u00a0\u00bb raconte avec le sourire ses onze ans pass\u00e9s au sein de l\u2019arm\u00e9e fran\u00e7aise. \u00ab\u00a0<em>En Indochine, j\u2019ai \u00e9t\u00e9 bless\u00e9 \u00e0 la jambe, on a d\u00fb me rapatrier<\/em>\u00a0\u00bb, raconte-il ch\u00e9chia viss\u00e9e sur la t\u00eate et boubou vert \u00e0 encolure dor\u00e9e sur les \u00e9paules. Rapatri\u00e9 o\u00f9\u00a0? \u00ab\u00a0<em>En France\u00a0! Nous sommes fran\u00e7ais, non\u00a0?<\/em>\u00a0\u00bb<\/p>\n<h2 class=\"intertitre\">\u00ab\u00a0D\u00e9cristallisation\u00a0\u00bb des pensions<\/h2>\n<p>Fran\u00e7ais, le vieux Mbodji l\u2019est de c\u0153ur. Il se sent \u00ab\u00a0<em>comme d\u2019un p\u00e8re s\u00e9n\u00e9galais et d\u2019une m\u00e8re fran\u00e7aise\u00a0<\/em>\u00bb. Mais lorsqu\u2019il en demande la nationalit\u00e9, en\u00a01998, on la lui refuse au motif que sa femme et sa famille vivent au S\u00e9n\u00e9gal. \u00ab\u00a0<em>Mais je ne peux pas les faire venir ici, le studio dans lequel je suis ne le permet pas, et je ne peux payer un plus grand logement.<\/em>\u00a0\u00bb Ndongo Dieng reprend la parole\u00a0: \u00ab\u00a0<em>Si on est rentr\u00e9s \u00e0 ce moment-l\u00e0, c\u2019est que le bruit courait au S\u00e9n\u00e9gal que Jospin allait changer notre statut.<\/em>\u00a0\u00bb La m\u00eame ann\u00e9e, le premier ministre Lionel Jospin \u00e9met en effet publiquement le v\u0153u que ces soldats r\u00e9int\u00e8grent la <em>\u00ab\u00a0m\u00e9moire collective nationale\u00a0\u00bb<\/em>. Effet d\u2019annonce sans suite. Il faudra attendre 2007 et Nicolas Sarkozy pour que la situation des tirailleurs change, avec la \u00ab\u00a0d\u00e9cristallisation\u00a0\u00bb des pensions, qui donne aux anciens combattants des colonies les m\u00eames retraites que les anciens combattants fran\u00e7ais. Mais toujours pas de naturalisation.<\/p>\n<p>Aujourd\u2019hui, Alioune Mbodji et Ndongo Dieng attendent, dans leur foyer de Bondy, en banlieue parisienne. Rentrer au S\u00e9n\u00e9gal et vivre leur retraite en famille\u00a0? Cela serait perdre la pension qu\u2019ils touchent ici, pour beaucoup leur principale source de revenus. Alors, ils restent en France, seuls, racontent leurs histoires \u00e0 qui veut les entendre, et m\u00e8nent ce combat pour la naturalisation, sans doute leur dernier, avec A\u00efssata Seck.<\/p>\n<figure class=\"illustration_haut\" data-toggle=\"popover\" data-target=\"this\"><img decoding=\"async\" class=\"lazy-retina\" title=\"SEYLLOU\/AFP\" src=\"http:\/\/s1.lemde.fr\/image\/2016\/11\/11\/768x0\/5029617_6_5132_des-tirailleurs-senegalais-lors-d-une_e1da0d81f5a4deed33c580b839962d0b.jpg\" alt=\"Des tirailleurs s\u00e9n\u00e9galais lors d\u2019une c\u00e9r\u00e9monie de comm\u00e9moration \u00e0 Dakar, en novembre 2014.\" width=\"768\" data-lazyload=\"false\" \/><\/p>\n<\/figure>\n<p>Cette derni\u00e8re est maire adjointe \u00e0 Bondy charg\u00e9e des anciens combattants, elle-m\u00eame petite-fille d\u2019un tirailleur. \u00ab\u00a0<em>A force de voir les refus individuels qui s\u2019encha\u00eenaient, j\u2019ai d\u00e9cid\u00e9 de lancerune action collective<\/em>, raconte-elle dans les rues de Bondy, au volant de sa voiture. <em>Aujourd\u2019hui, c\u2019est tr\u00e8s symbolique pour eux, ils ont tous plus de 75 ans, et ce n\u2019est m\u00eame plus une question d\u2019argent depuis que les pensions ont \u00e9t\u00e9 <\/em>\u201c<em>d\u00e9cristallis\u00e9es<\/em>\u201d<em>.\u00a0<\/em>\u00bb Alors, la Franco-S\u00e9n\u00e9galaise \u00e9crit une p\u00e9tition avec les tirailleurs, qui sont une trentaine dans la commune. \u00ab\u00a0<em>Les gens sont tous surpris qu\u2019ils n\u2019aient toujours pas la nationalit\u00e9 et, pour les tirailleurs, c\u2019est un petit grain dans la machine qui fait mal au c\u0153ur.\u00a0<\/em>\u00bb<\/p>\n<p>Ces anciens tirailleurs s\u00e9n\u00e9galais seraient environ 500 en Ile-de-France, le double dans l\u2019Hexagone. \u00ab\u00a0<em>Donc c\u2019est vraiment du symbole, \u00e7a ne co\u00fbterait rien de les naturaliser\u00a0\u00bb,<\/em> r\u00e9p\u00e8te A\u00efssata Seck. Avant d\u2019ajouter, apr\u00e8s un silence\u00a0: \u00ab\u00a0<em>Et puis \u00e7a ferait pas de mal, vu le climat social actuel.\u00a0<\/em>\u00bb Sa p\u00e9tition a vite rencontr\u00e9 un large succ\u00e8s. D\u2019abord, le d\u00e9put\u00e9 de Seine-Saint-Denis et pr\u00e9sident de l\u2019Assembl\u00e9e nationale, Claude Bartolone, qui avait d\u00e9j\u00e0 re\u00e7u en\u00a02014 les tirailleurs de Bondy au palais Bourbon. Ensuite, Jamel Debbouze, acteur du film <em>Indig\u00e8nes<\/em>, que la maire adjointe est all\u00e9e chercher au Jamel Comedy Club, \u00ab\u00a0<em>et qui a accept\u00e9 tout de suite. Il a voulu s\u2019engager tr\u00e8s vite<\/em>\u00a0\u00bb. Mais aussi l\u2019acteur Omar Sy \u2013 dont le p\u00e8re est s\u00e9n\u00e9galais \u2013, le journaliste cofondateur du site d\u2019informations Rue89, Arnaud Aubron, le directeur de l\u2019Institut Montaigne, Laurent Bigorgne, les d\u00e9put\u00e9s C\u00e9cile Duflot, Alexis Bachelay, Olivier V\u00e9ran\u2026<\/p>\n<h2 class=\"intertitre\">\u00ab\u00a0La justice, tout simplement\u00a0\u00bb<\/h2>\n<p>\u00ab\u00a0<em>Nous avons bon espoir\u00a0<\/em>\u00bb, explique Alioune Mbodji en hochant la t\u00eate, dans une affirmation que confirme \u00e0 l\u2019unisson la maire de Bondy, Sylvine Thomassin\u00a0: \u00ab\u00a0<em>Franchement, s\u2019il y a la volont\u00e9 politique, il n\u2019y a aucune raison que leur naturalisation ne se fasse pas rapidement.<\/em>\u00a0\u00bb Et son adjointe d\u2019ajouter, confiante\u00a0: \u00ab\u00a0<em>On m\u2019a dit que la p\u00e9tition \u00e9tait remont\u00e9e jusqu\u2019\u00e0 Fran\u00e7ois Hollande.\u00a0<\/em>\u00bb<\/p>\n<p>Les deux \u00ab\u00a0dogues noirs de l\u2019Empire\u00a0\u00bb de Bondy, comme se plaisait L\u00e9opold S\u00e9dar Senghor \u00e0 surnommer les tirailleurs, eux, n\u2019en d\u00e9mordent pas. \u00ab\u00a0<em>Notre probl\u00e8me n\u2019est pas un probl\u00e8me de naturalisation mais de r\u00e9int\u00e9gration, on a \u00e9t\u00e9 fran\u00e7ais plus de trois cents ans\u00a0<\/em>\u00bb, mart\u00e8le l\u2019ancien colonel Dieng, qui raconte, comme s\u2019il y \u00e9tait et avec fiert\u00e9, la bataille de Saint-Louis qui, en\u00a01758, opposa le royaume de France de Louis XV au royaume d\u2019Angleterre de George II, et \u00e0 laquelle il affirme que, pour la premi\u00e8re fois, des S\u00e9n\u00e9galais combattirent pour la France.<\/p>\n<p class=\"lire\">Lire aussi : \u00a0 <a href=\"http:\/\/www.lemonde.fr\/afrique\/article\/2016\/11\/09\/peut-on-decoloniser-la-pensee-africaine-en-se-reunissant-a-l-institut-francais-de-dakar_5028330_3212.html\">Peut-on \u00ab\u00a0d\u00e9coloniser\u00a0\u00bb la pens\u00e9e africaine en se r\u00e9unissant \u00e0 l\u2019Institut fran\u00e7ais de Dakar\u00a0?<\/a><\/p>\n<p>En visite officielle au S\u00e9n\u00e9gal, le ministre des affaires \u00e9trang\u00e8res fran\u00e7ais Jean-Marc Ayrault a rappel\u00e9, jeudi 10\u00a0novembre, le \u00ab\u00a0<em>devoir d\u2019\u00e9galit\u00e9, le devoir de reconnaissance<\/em>\u00a0\u00bb de la France \u00e0 l\u2019\u00e9gard de ses anciens tirailleurs. Au cimeti\u00e8re de Thiaroye, en banlieue de Dakar, o\u00f9 35\u00a0tirailleurs sont inhum\u00e9s, M.\u00a0Ayrault a fustig\u00e9 la \u00ab\u00a0<em>repentance<\/em>\u00a0\u00bb et en a appel\u00e9 \u00e0 \u00ab\u00a0<em>la justice, tout simplement\u00a0<\/em>\u00bb.<\/p>\n<p>Aujourd\u2019hui, jour de c\u00e9l\u00e9brations du 11-Novembre, auxquelles les anciens tirailleurs de Bondy, comme chaque ann\u00e9e, participent, Ndongo Dieng esp\u00e8re que la p\u00e9tition, qui a d\u2019ores et d\u00e9j\u00e0 rassembl\u00e9 plus de 2\u00a0500 signatures, fera changer les choses pour qu\u2019enfin, il puisse se dire fran\u00e7ais.<\/p>\n<\/div>\n<\/article>\n<div class=\"content-byline full\" data-link-name=\"byline\" data-component=\"meta-byline\">\n<div class=\"author\">\n<p class=\"author-informations\">Amaury Hauchardcontributeur Le Monde Afrique<\/p>\n<\/div>\n<\/div>\n<p>En savoir plus sur http:\/\/www.lemonde.fr\/afrique\/article\/2016\/11\/11\/anciens-tirailleurs-senegalais-demandent-nationalite-francaise_5029618_3212.html#3hO7yOEgcdbkpipQ.99<\/p>\n","protected":false},"excerpt":{"rendered":"<p>Comme Ndongo Dieng et d\u2019Alioune Mbodji, un millier d\u2019ex-soldats de l\u2019Empire colonial ayant combattu pour la France attendent leur naturalisation. En savoir plus sur http:\/\/www.lemonde.fr\/afrique\/article\/2016\/11\/11\/anciens-tirailleurs-senegalais-demandent-nationalite-francaise_5029618_3212.html#3hO7yOEgcdbkpipQ.99 Les S\u00e9n\u00e9galais Ndongo Dieng, 81 ans, et\u00a0Alioune Mbodji, 85 ans, ont tous deux combattu pour &hellip; <a href=\"https:\/\/francophone.port.ac.uk\/?p=1210\">Continue reading <span class=\"meta-nav\">&rarr;<\/span><\/a><\/p>\n","protected":false},"author":6,"featured_media":0,"comment_status":"open","ping_status":"open","sticky":false,"template":"","format":"standard","meta":{"jetpack_post_was_ever_published":false,"_jetpack_newsletter_access":"","_jetpack_dont_email_post_to_subs":true,"_jetpack_newsletter_tier_id":0,"_jetpack_memberships_contains_paywalled_content":false,"_jetpack_memberships_contains_paid_content":false,"footnotes":""},"categories":[3,1],"tags":[217,216,219,218,37,215,214,220,213],"class_list":["post-1210","post","type-post","status-publish","format-standard","hentry","category-blogs","category-uncategorised","tag-anciens-combattants","tag-armee-francaise","tag-dogues-noirs","tag-dogues-noirs-de-lempire","tag-empire","tag-lalgerois","tag-nationalite-francaise","tag-reconnaissance","tag-tirailleurs-senegalais"],"jetpack_featured_media_url":"","jetpack_sharing_enabled":true,"_links":{"self":[{"href":"https:\/\/francophone.port.ac.uk\/index.php?rest_route=\/wp\/v2\/posts\/1210","targetHints":{"allow":["GET"]}}],"collection":[{"href":"https:\/\/francophone.port.ac.uk\/index.php?rest_route=\/wp\/v2\/posts"}],"about":[{"href":"https:\/\/francophone.port.ac.uk\/index.php?rest_route=\/wp\/v2\/types\/post"}],"author":[{"embeddable":true,"href":"https:\/\/francophone.port.ac.uk\/index.php?rest_route=\/wp\/v2\/users\/6"}],"replies":[{"embeddable":true,"href":"https:\/\/francophone.port.ac.uk\/index.php?rest_route=%2Fwp%2Fv2%2Fcomments&post=1210"}],"version-history":[{"count":2,"href":"https:\/\/francophone.port.ac.uk\/index.php?rest_route=\/wp\/v2\/posts\/1210\/revisions"}],"predecessor-version":[{"id":1212,"href":"https:\/\/francophone.port.ac.uk\/index.php?rest_route=\/wp\/v2\/posts\/1210\/revisions\/1212"}],"wp:attachment":[{"href":"https:\/\/francophone.port.ac.uk\/index.php?rest_route=%2Fwp%2Fv2%2Fmedia&parent=1210"}],"wp:term":[{"taxonomy":"category","embeddable":true,"href":"https:\/\/francophone.port.ac.uk\/index.php?rest_route=%2Fwp%2Fv2%2Fcategories&post=1210"},{"taxonomy":"post_tag","embeddable":true,"href":"https:\/\/francophone.port.ac.uk\/index.php?rest_route=%2Fwp%2Fv2%2Ftags&post=1210"}],"curies":[{"name":"wp","href":"https:\/\/api.w.org\/{rel}","templated":true}]}}