{"id":1214,"date":"2016-11-23T23:00:19","date_gmt":"2016-11-23T23:00:19","guid":{"rendered":"http:\/\/francophone.port.ac.uk\/?p=1214"},"modified":"2016-11-23T23:00:19","modified_gmt":"2016-11-23T23:00:19","slug":"le-nationalisme-banal-de-la-france-dasterix","status":"publish","type":"post","link":"https:\/\/francophone.port.ac.uk\/?p=1214","title":{"rendered":"Le nationalisme banal de la France d&#8217;Ast\u00e9rix"},"content":{"rendered":"<p>Par\u00a0VINCENT HIRIBARREN<\/p>\n<p>Ce blog a \u00e9t\u00e9 publi\u00e9 sur\u00a0http:\/\/libeafrica4.blogs.liberation.fr\/2016\/11\/23\/le-nationalisme-banal-de-la-france-dasterix\/<\/p>\n<hr \/>\n<p>Le 28 ao\u00fbt 2016, Fran\u00e7ois Fillon candidat \u00e0 la primaire des R\u00e9publicains a sugg\u00e9r\u00e9 que la colonisation fran\u00e7aise en Am\u00e9rique, en Afrique et en Asie revenait \u00e0 un \u00ab partage de culture \u00bb. \u00c9videmment, il s\u2019agissait de se d\u00e9douaner de toute responsabilit\u00e9 et de n\u2019afficher aucune culpabilit\u00e9. Encore une fois le discours contre la repentance. Vu, entendu, lu et relu.<\/p>\n<hr \/>\n<p>Ressorti \u00e0 l\u2019occasion de la victoire surprise de Fillon au premier tour de la primaire, ce discours a connu son flot de d\u00e9nonciations l\u00e9gitimes. La liste pourrait \u00eatre (tr\u00e8s) longue mais Fillon ne s\u2019embarrasse pas de la question de l\u2019esclavage, de la conqu\u00eate militaire des colonies, du travail forc\u00e9, de la conscription, des guerres de d\u00e9colonisation\u2026 Quiconque ouvrirait un livre d\u2019histoire ou se rendrait dans une ancienne colonie fran\u00e7aise verrait bien les effets actuels de ce \u00ab partage \u00bb. Il est certain que les descendants des colonis\u00e9s mais aussi les Guyanais, Martiniquais, Guadeloup\u00e9ens, Canaques et toute la diaspora issue de l\u2019ancien empire colonial en France appr\u00e9cieront.<\/p>\n<p>On pourrait montrer que la colonisation n\u2019\u00e9tait vraiment pas un partage de culture avec une simple analyse des chiffres de scolarisation dans les colonies. On pourrait aussi constater que l\u2019image v\u00e9hicul\u00e9e par Fillon reprend un discours particuli\u00e8rement d\u00e9velopp\u00e9 apr\u00e8s la 2e guerre mondiale par les Europ\u00e9ens afin de justifier leurs investissements massifs dans l\u2019empire colonial. La m\u00e9moire de cette p\u00e9riode coloniale tardive a ainsi tendance \u00e0 occulter tout le reste de la p\u00e9riode coloniale.<\/p>\n<p>Seulement la question n\u2019est pas l\u00e0. Fillon n\u2019est pas \u00e9tudiant en fac d\u2019histoire et n\u2019a pas de partiel \u00e0 r\u00e9diger sur les cons\u00e9quences humaines, environnementales, \u00e9conomiques, sociales et culturelles de la p\u00e9riode coloniale fran\u00e7aise. Fillon est un politicien qui tire sur la corde du nationalisme fran\u00e7ais la plus \u00e9cul\u00e9e. Cette vision aussi vague qu\u2019erron\u00e9e du colonialisme fran\u00e7ais est un simple instrument visant \u00e0 s\u2019attirer les votes d\u2019un \u00e9lectorat d\u00e9sireux de ne pas ternir l\u2019image d\u2019une certaine France.<\/p>\n<p>Tout argument bas\u00e9 sur des faits historiques ne peut pas convaincre quand un certain sentiment national fran\u00e7ais, lui, rapporte des voix. Certains candidats de la droite conservatrice voire extr\u00eame retireront m\u00eame un certain plaisir \u00e0 voir des associations, des historiens, des journalistes et des politiciens souligner l\u2019incoh\u00e9rence de ce type de discours. Apr\u00e8s tout, ceux qui votent aujourd\u2019hui ne vivent plus dans cet empire colonial. En bref, tout contradicteur perd son temps et toute pol\u00e9mique b\u00e9n\u00e9ficie m\u00eame \u00e0 celui qui la d\u00e9clenche.<\/p>\n<p>C\u2019est pourquoi, la campagne pr\u00e9sidentielle qui s\u2019annonce va sans doute aucun conna\u00eetre d\u2019autres \u00e9lans nationalistes comme celui de Fillon. La France d\u2019Ast\u00e9rix a grand besoin de ce genre de d\u00e9bats faussement historiques et r\u00e9ellement politiques. La verve nationaliste a largement plus de poids qu\u2019une discussion historique pos\u00e9e tant ce nationalisme sert \u00e0 occuper le champ politique dans l\u2019espace mais aussi le temps. L\u2019ancien ministre de l\u2019\u00e9ducation qu\u2019est Fillon le sait s\u00fbrement et il compte dessus.<\/p>\n<p>Et pour cause. Les politiciens ne sont pas les seuls \u00e0 verser dans ce grand r\u00e9cit\/roman national. Les historiens ont eux aussi leur part de responsabilit\u00e9. Que ce soit Fernand Braudel avec <i><em>L\u2019identit\u00e9 de la France <\/em><\/i>ou Pierre Nora et ses <i><em>Lieux de M\u00e9moire, <\/em><\/i>le cadre mental d\u2019un citoyen fran\u00e7ais s\u2019inscrit, pour certains auteurs, forc\u00e9ment dans un territoire fran\u00e7ais bien d\u00e9fini. D\u2019autres historiens ont pourtant travaill\u00e9 \u00e0 examiner cette histoire postcoloniale et les 30 derni\u00e8res ann\u00e9es ont connu un renouveau sur les cons\u00e9quences de la colonisation que ce soit dans les anciennes colonies ou en m\u00e9tropole. Ces derniers auteurs peinent pourtant \u00e0 \u00eatre entendus.<\/p>\n<p>Dans cette France r\u00eav\u00e9e, tout revient \u00e0 ce nationalisme banal th\u00e9oris\u00e9 par l\u2019historien Michael Billig. Ce n\u2019est plus le nationalisme sanguinaire ou d\u00e9voy\u00e9 de la premi\u00e8re moiti\u00e9 du XXe si\u00e8cle et de Vichy en particulier. Il s\u2019agit plut\u00f4t d\u2019un nationalisme de tous les jours o\u00f9 toute occasion est bonne pour afficher des drapeaux, chanter la Marseillaise ou enchainer les c\u00e9r\u00e9monies de comm\u00e9moration. Le \u00ab partage des cultures \u00bb de Fillon s\u2019inscrit largement dans cette tendance qui transforme un discours pseudo-historique en un simple message subliminal sur la grandeur de la France. Pourquoi faire compliqu\u00e9 quand on peut faire simple ?<\/p>\n","protected":false},"excerpt":{"rendered":"<p>Par\u00a0VINCENT HIRIBARREN Ce blog a \u00e9t\u00e9 publi\u00e9 sur\u00a0http:\/\/libeafrica4.blogs.liberation.fr\/2016\/11\/23\/le-nationalisme-banal-de-la-france-dasterix\/ Le 28 ao\u00fbt 2016, Fran\u00e7ois Fillon candidat \u00e0 la primaire des R\u00e9publicains a sugg\u00e9r\u00e9 que la colonisation fran\u00e7aise en Am\u00e9rique, en Afrique et en Asie revenait \u00e0 un \u00ab partage de culture &hellip; <a href=\"https:\/\/francophone.port.ac.uk\/?p=1214\">Continue reading <span class=\"meta-nav\">&rarr;<\/span><\/a><\/p>\n","protected":false},"author":6,"featured_media":0,"comment_status":"open","ping_status":"open","sticky":false,"template":"","format":"standard","meta":{"jetpack_post_was_ever_published":false,"_jetpack_newsletter_access":"","_jetpack_dont_email_post_to_subs":false,"_jetpack_newsletter_tier_id":0,"_jetpack_memberships_contains_paywalled_content":false,"_jetpack_memberships_contains_paid_content":false,"footnotes":""},"categories":[3],"tags":[221,226,224,223,222,225],"class_list":["post-1214","post","type-post","status-publish","format-standard","hentry","category-blogs","tag-colonisation-francaise","tag-culture","tag-empire-colonial","tag-fillon","tag-guerre-mondiale","tag-histoire-postcoloniale"],"jetpack_featured_media_url":"","jetpack_sharing_enabled":true,"_links":{"self":[{"href":"https:\/\/francophone.port.ac.uk\/index.php?rest_route=\/wp\/v2\/posts\/1214","targetHints":{"allow":["GET"]}}],"collection":[{"href":"https:\/\/francophone.port.ac.uk\/index.php?rest_route=\/wp\/v2\/posts"}],"about":[{"href":"https:\/\/francophone.port.ac.uk\/index.php?rest_route=\/wp\/v2\/types\/post"}],"author":[{"embeddable":true,"href":"https:\/\/francophone.port.ac.uk\/index.php?rest_route=\/wp\/v2\/users\/6"}],"replies":[{"embeddable":true,"href":"https:\/\/francophone.port.ac.uk\/index.php?rest_route=%2Fwp%2Fv2%2Fcomments&post=1214"}],"version-history":[{"count":1,"href":"https:\/\/francophone.port.ac.uk\/index.php?rest_route=\/wp\/v2\/posts\/1214\/revisions"}],"predecessor-version":[{"id":1215,"href":"https:\/\/francophone.port.ac.uk\/index.php?rest_route=\/wp\/v2\/posts\/1214\/revisions\/1215"}],"wp:attachment":[{"href":"https:\/\/francophone.port.ac.uk\/index.php?rest_route=%2Fwp%2Fv2%2Fmedia&parent=1214"}],"wp:term":[{"taxonomy":"category","embeddable":true,"href":"https:\/\/francophone.port.ac.uk\/index.php?rest_route=%2Fwp%2Fv2%2Fcategories&post=1214"},{"taxonomy":"post_tag","embeddable":true,"href":"https:\/\/francophone.port.ac.uk\/index.php?rest_route=%2Fwp%2Fv2%2Ftags&post=1214"}],"curies":[{"name":"wp","href":"https:\/\/api.w.org\/{rel}","templated":true}]}}