{"id":1269,"date":"2016-12-19T13:43:12","date_gmt":"2016-12-19T13:43:12","guid":{"rendered":"http:\/\/francophone.port.ac.uk\/?p=1269"},"modified":"2016-12-19T13:43:12","modified_gmt":"2016-12-19T13:43:12","slug":"podcast-twenty-years-under-the-channel-and-beyond-rethinking-migrations-and-borders-%c2%a6%c2%a6-vingt-annees-sous-la-manche-et-au-dela-repenser-les-migrations-et-les-frontieres","status":"publish","type":"post","link":"https:\/\/francophone.port.ac.uk\/?p=1269","title":{"rendered":"Podcast: Twenty Years under the Channel, and beyond? Rethinking Migrations and Borders \u00a6\u00a6  Vingt ann\u00e9es sous la Manche, et au-del\u00e0 ? Repenser les migrations et les fronti\u00e8res"},"content":{"rendered":"<p><a href=\"http:\/\/www.ahicf.com\/4e-colloque-4th-conference-ecoute-en-ligne-et-actes-online-audio-proceedings-and-papers.html\">Click here<\/a>\u00a0to listen to the podcasts of the conference on migration and frontiers. Ed Naylor, one of our cluster members, was taking part<\/p>\n<p>&nbsp;<\/p>\n<hr \/>\n<p>Below are the details of the conference in question, which took place last October at\u00a0Brunel University, London.<\/p>\n<p>&nbsp;<\/p>\n<p>Here is the detail of the conference:<\/p>\n<p><strong>Twenty Years under the Channel, and beyond? <\/strong><strong>Rethinking Migrations and Borders<\/strong><\/p>\n<p><strong>\u00a0<\/strong><strong>Vingt ann\u00e9es sous la Manche, et au-del\u00e0\u00a0? Repenser les migrations et les fronti\u00e8res<\/strong><\/p>\n<p>&nbsp;<\/p>\n<p>Fourth International Conference<\/p>\n<p>Roundtable held in Brunel University London, Uxbridge campus, Darwin Room, Hamilton Suite.<\/p>\n<p>Wednesday, 12 October 2016, 13:45-18:00<\/p>\n<p>Quatri\u00e8me rencontre internationale<\/p>\n<p>Table ronde accueillie par l\u2019Universit\u00e9 Brunel de Londres, campus d\u2019Uxbridge,<\/p>\n<p>Salle Darwin, Hamilton Suite.<\/p>\n<p>Mercredi 12 octobre 2016 de 13 h 45 \u00e0 18 h<\/p>\n<p>&nbsp;<\/p>\n<p><strong>PROGRAMME<\/strong><\/p>\n<p><u>Opening\/ Ouverture<\/u><\/p>\n<p><strong>David AZ\u00c9MA<\/strong>, Chairman, Rails et histoire<\/p>\n<p><strong>Dr Naomi PERCIVAL<\/strong>, Special Collections Librarian<\/p>\n<p>Channel Tunnel Archive, Brunel University<\/p>\n<p><strong>\u00a0<\/strong><u>Session 1: A new Border under the Sea \/ Premi\u00e8re s\u00e9ance\u00a0: Une fronti\u00e8re construite sous la mer<\/u><\/p>\n<p><u>Opening speech and Chair\/Allocation d\u2019ouverture et pr\u00e9sidence : <\/u><\/p>\n<p><strong>Professor Michel FOUCHER<\/strong>, Titulaire de la chaire de g\u00e9opolitique appliqu\u00e9e, Coll\u00e8ge d&#8217;\u00e9tudes mondiales, Fondation Maison des Sciences de l\u2019Homme<\/p>\n<p>Discussant \/ Rapporteur\u00a0: <strong>Dr Alison CARROL<\/strong>, Senior Lecturer in European History, Department of Politics, History &amp; the Brunel Law School, Brunel University London, member of the steering Committee for the roundtable<\/p>\n<p>l <strong>Dr Federica INFANTINO<\/strong>, Wiener-Anspach Post-Doctoral Fellow; COMPAS, University of Oxford; External Lecturer at European Studies Institute, Scientific Collaborator at Groupe de Recherche sur les relations ethniques, les migrations et l\u2019\u00e9galit\u00e9 (GERME), Universit\u00e9 libre de Bruxelles<\/p>\n<p>l <strong>Dr Katja SARMIENTO-MIRWALDT<\/strong>, Senior Lecturer in Politics, Brunel University London<\/p>\n<p><u>Session 2: Migration trends across the Channel \/ Deuxi\u00e8me s\u00e9ance\u00a0: L\u2019\u00e9volution des migrations Transmanche<\/u><\/p>\n<p>Chair\/Sous la pr\u00e9sidence de : <strong>Professor Helen DRAKE<\/strong>, Professor of French and European Studies, Jean Monnet Chair in European Integration, Chair of UACES, Loughborough University, Member of the Scientific Board of Advisers for the Programme Twenty years under the Channel, and beyond?<\/p>\n<p>Discussant\u00a0\/ Rapporteur\u00a0: <strong>Dr Laurent BONNAUD<\/strong>, Programme manager, member of the steering Committee for the roundtable<\/p>\n<p>l <strong>Dr Daniel Alexander GORDON<\/strong>, Senior Lecturer in European History, Edge Hill University<\/p>\n<p>l <strong>Dr Ed NAYLOR<\/strong>, Lecturer, School of Languages and Area Studies, University of Portsmouth<\/p>\n<p><u>Conclusion<\/u>\u00a0\u00a0\u00a0\u00a0\u00a0\u00a0\u00a0\u00a0\u00a0 <strong>Dr Alison CARROL<\/strong><\/p>\n","protected":false},"excerpt":{"rendered":"<p>Click here\u00a0to listen to the podcasts of the conference on migration and frontiers. Ed Naylor, one of our cluster members, was taking part &nbsp; Below are the details of the conference in question, which took place last October at\u00a0Brunel University, &hellip; <a href=\"https:\/\/francophone.port.ac.uk\/?p=1269\">Continue reading <span class=\"meta-nav\">&rarr;<\/span><\/a><\/p>\n","protected":false},"author":6,"featured_media":0,"comment_status":"open","ping_status":"open","sticky":false,"template":"","format":"standard","meta":{"jetpack_post_was_ever_published":false,"_jetpack_newsletter_access":"","_jetpack_dont_email_post_to_subs":false,"_jetpack_newsletter_tier_id":0,"_jetpack_memberships_contains_paywalled_content":false,"_jetpack_memberships_contains_paid_content":false,"footnotes":""},"categories":[4],"tags":[181,284,285,282,286,283],"class_list":["post-1269","post","type-post","status-publish","format-standard","hentry","category-cfps-events","tag-borders","tag-channel","tag-frontieres","tag-manche","tag-migrations","tag-podcast"],"jetpack_featured_media_url":"","jetpack_sharing_enabled":true,"_links":{"self":[{"href":"https:\/\/francophone.port.ac.uk\/index.php?rest_route=\/wp\/v2\/posts\/1269","targetHints":{"allow":["GET"]}}],"collection":[{"href":"https:\/\/francophone.port.ac.uk\/index.php?rest_route=\/wp\/v2\/posts"}],"about":[{"href":"https:\/\/francophone.port.ac.uk\/index.php?rest_route=\/wp\/v2\/types\/post"}],"author":[{"embeddable":true,"href":"https:\/\/francophone.port.ac.uk\/index.php?rest_route=\/wp\/v2\/users\/6"}],"replies":[{"embeddable":true,"href":"https:\/\/francophone.port.ac.uk\/index.php?rest_route=%2Fwp%2Fv2%2Fcomments&post=1269"}],"version-history":[{"count":3,"href":"https:\/\/francophone.port.ac.uk\/index.php?rest_route=\/wp\/v2\/posts\/1269\/revisions"}],"predecessor-version":[{"id":1272,"href":"https:\/\/francophone.port.ac.uk\/index.php?rest_route=\/wp\/v2\/posts\/1269\/revisions\/1272"}],"wp:attachment":[{"href":"https:\/\/francophone.port.ac.uk\/index.php?rest_route=%2Fwp%2Fv2%2Fmedia&parent=1269"}],"wp:term":[{"taxonomy":"category","embeddable":true,"href":"https:\/\/francophone.port.ac.uk\/index.php?rest_route=%2Fwp%2Fv2%2Fcategories&post=1269"},{"taxonomy":"post_tag","embeddable":true,"href":"https:\/\/francophone.port.ac.uk\/index.php?rest_route=%2Fwp%2Fv2%2Ftags&post=1269"}],"curies":[{"name":"wp","href":"https:\/\/api.w.org\/{rel}","templated":true}]}}