{"id":1300,"date":"2017-02-08T16:15:17","date_gmt":"2017-02-08T16:15:17","guid":{"rendered":"http:\/\/francophone.port.ac.uk\/?p=1300"},"modified":"2017-02-08T16:15:17","modified_gmt":"2017-02-08T16:15:17","slug":"la-conservation-des-archives-rapatriees-dalgerie-en-1962-est-defaillante","status":"publish","type":"post","link":"https:\/\/francophone.port.ac.uk\/?p=1300","title":{"rendered":"La conservation des archives rapatri\u00e9es d&#8217;Alg\u00e9rie en 1962 est &#8220;d\u00e9faillante&#8221;"},"content":{"rendered":"<p>Un volume important d\u2019archives n\u2019a pas encore \u00e9t\u00e9 ouvert depuis leur rapatriement d\u2019Alg\u00e9rie et sont rest\u00e9es dans des cartons, a indiqu\u00e9 un rapport de la Cour des comptes fran\u00e7aise qui rel\u00e8ve une conservation et un classement &#8220;souvent d\u00e9faillants&#8221;.<\/p>\n<p>&nbsp;<\/p>\n<hr \/>\n<p style=\"padding-left: 90px;\">A la demande de la commission des finances du S\u00e9nat, la Cour des comptes a effectu\u00e9 une enqu\u00eate sur les Archives nationales g\u00e9r\u00e9es, au sein du minist\u00e8re de la Culture et de la Communication et a conclu dans <a href=\"http:\/\/www.ccomptes.fr\/Accueil\/Publications\/Publications\/Les-Archives-nationales-les-voies-et-moyens-d-une-nouvelle-ambition\" target=\"_hplink\">son rapport mis en ligne<\/a> que le classement des archives &#8220;est probl\u00e9matique&#8221; suite \u00e0 des &#8220;arri\u00e9r\u00e9s de tri et de traitement&#8221;, y compris &#8220;un volume important d\u2019archives non encore ouvertes depuis leur rapatriement d\u2019Indochine et d\u2019Alg\u00e9rie&#8221;.<\/p>\n<hr \/>\n<p>&nbsp;<\/p>\n<p>D\u00e9crivant le grand bazar, le rapport \u00e9voque les missions de collecte, de classement, de conservation et de communication des archives qui sont &#8220;assur\u00e9s d&#8217;une mani\u00e8re in\u00e9gale et souvent d\u00e9faillante&#8221;.<\/p>\n<p>Parmi les &#8220;arri\u00e9r\u00e9s de classement&#8221;, la Cour des comptes indique que &#8220;certains fonds n&#8217;ont pas encore \u00e9t\u00e9 d\u00e9ball\u00e9s depuis leur rapatriement d&#8217;Alg\u00e9rie en 1962&#8243;, ce qui renforce ainsi l\u2019impossibilit\u00e9 pour les chercheurs et les citoyens de pouvoir exploiter les sources.<\/p>\n<p>Le rapport a relev\u00e9 cependant qu\u2019en plus de l\u2019\u00e9tat civil d\u2019Alg\u00e9rie,&#8221;sont accessibles sur le site Internet un nombre important de photographies (34.000) et de cartes et plans (4.300) et d\u2019autres fonds, qui int\u00e9ressent davantage la recherche scientifique que la g\u00e9n\u00e9alogie (bureaux arabes en Alg\u00e9rie, missions religieuses, personnel colonial, notamment)&#8221;.<\/p>\n<p>Il a rappel\u00e9 dans ce contexte la circulaire du Premier ministre fran\u00e7ais du 4 mai 1999 qui a ouvert l\u2019acc\u00e8s aux archives relatives massacres \u00e0 Paris du 17 octobre 1961 et la circulaire du Premier ministre du 13 avril 2001 qui a ouvert l\u2019acc\u00e8s aux archives en relation avec la guerre de lib\u00e9ration nationale.<\/p>\n<p>Mais plusieurs associations activant en France, avec le soutien d\u2019historiens fran\u00e7ais, demandent, pour les massacres du 17 octobre 1961, l\u2019ouverture des archives de la brigade fluviale qui avait \u00e9tabli des rapports sur la r\u00e9cup\u00e9ration des corps d\u2019Alg\u00e9riens jet\u00e9s dans la Seine.<\/p>\n<p>&nbsp;<\/p>\n<hr \/>\n<p style=\"padding-left: 90px;\">En 2005, un arr\u00eat\u00e9 a ouvert l\u2019acc\u00e8s, par d\u00e9rogation, \u00e0 des archives, datant de 1951 \u00e0 1972, vers\u00e9es aux Archives nationales par la direction centrale des renseignements g\u00e9n\u00e9raux, a ajout\u00e9 la Cour des comptes, indiquant que le site des Archives nationales d\u2019Aix-en-Provence trouve son origine dans &#8220;la n\u00e9cessit\u00e9 de trouver des locaux pour accueillir les archives rapatri\u00e9es des anciennes colonies et de l\u2019Alg\u00e9rie, qui \u00e9taient dispers\u00e9es dans la France enti\u00e8re \u00e0 Paris, Vincennes, Bordeaux et Marseille&#8221;.<\/p>\n<hr \/>\n<p>&nbsp;<\/p>\n<p>Pour l\u2019Alg\u00e9rie, la Cour des comptes a \u00e9voqu\u00e9 un &#8220;contentieux&#8221; qui reste au sujet des archives de la p\u00e9riode de la colonisation, rappelant que le fonds ottomans (ant\u00e9rieur \u00e0 1830), qui avait \u00e9t\u00e9 emport\u00e9 &#8220;par erreur&#8221; a \u00e9t\u00e9 restitu\u00e9 en 1975 &#8220;apr\u00e8s identification&#8221;.<\/p>\n<p>&#8220;Un volume important d\u2019archives non encore trait\u00e9es subsiste, parfois encore dans leur conditionnement d\u2019origine, faute d\u2019avoir \u00e9t\u00e9 d\u00e9ball\u00e9es depuis leur rapatriement d\u2019Alg\u00e9rie en 1962. M\u00eame si le manque de normalisation des classements et cotations r\u00e9alis\u00e9s par les services d\u2019archives sur place, le caract\u00e8re incomplet des bordereaux de versement, voire leur absence compte tenu<\/p>\n<p>des circonstances parfois h\u00e2tives du rapatriement, n\u00e9cessitent un traitement consommateur de temps et de moyens, rien ne justifie qu\u2019aucun instrument de recherche synth\u00e9tique n\u2019ait \u00e9t\u00e9 \u00e9tabli 50 ans apr\u00e8s le transfert des archives rapatri\u00e9es au centre d\u2019Aix-en-Provence&#8221;, a pr\u00e9cis\u00e9 le rapport qui s\u2019interroge sur la qualit\u00e9 des instruments de recherche r\u00e9alis\u00e9s, &#8220;l\u2019exhaustivit\u00e9 des inventaires n\u2019\u00e9tant pas garantie du fait de l\u2019existence d\u2019archives en vrac&#8221;.<\/p>\n<p>L\u2019Alg\u00e9rie fait de la r\u00e9cup\u00e9ration des archives prises la France au lendemain de l\u2019ind\u00e9pendance une question de principe. Lors de sa visite en janvier 2016 en France, le ministre des Moudjahidine, Tayeb Zitouni, avait indiqu\u00e9 qu\u2019une commission bilat\u00e9rale a \u00e9t\u00e9 install\u00e9e pour examiner ce contentieux &#8220;tr\u00e8s complexe&#8221; qui n\u2019a pas encore trouv\u00e9 un r\u00e8glement.<\/p>\n<p>Des archives de 12 pays arabes ont \u00e9t\u00e9 r\u00e9cup\u00e9r\u00e9es par l\u2019Alg\u00e9rie, dont notamment la Tunisie, la Libye et l\u2019Egypte.<\/p>\n<p>&nbsp;<\/p>\n<p>Cet article a \u00e9t\u00e9 originellement publi\u00e9 sur :\u00a0http:\/\/www.huffpostmaghreb.com\/2017\/02\/04\/archives-algerie_n_14614198.html<\/p>\n","protected":false},"excerpt":{"rendered":"<p>Un volume important d\u2019archives n\u2019a pas encore \u00e9t\u00e9 ouvert depuis leur rapatriement d\u2019Alg\u00e9rie et sont rest\u00e9es dans des cartons, a indiqu\u00e9 un rapport de la Cour des comptes fran\u00e7aise qui rel\u00e8ve une conservation et un classement &#8220;souvent d\u00e9faillants&#8221;. &nbsp; A &hellip; <a href=\"https:\/\/francophone.port.ac.uk\/?p=1300\">Continue reading <span class=\"meta-nav\">&rarr;<\/span><\/a><\/p>\n","protected":false},"author":5,"featured_media":0,"comment_status":"open","ping_status":"open","sticky":false,"template":"","format":"standard","meta":{"jetpack_post_was_ever_published":false,"_jetpack_newsletter_access":"","_jetpack_dont_email_post_to_subs":false,"_jetpack_newsletter_tier_id":0,"_jetpack_memberships_contains_paywalled_content":false,"_jetpack_memberships_contains_paid_content":false,"footnotes":""},"categories":[3],"tags":[27,145],"class_list":["post-1300","post","type-post","status-publish","format-standard","hentry","category-blogs","tag-algeria","tag-archives"],"jetpack_featured_media_url":"","jetpack_sharing_enabled":true,"_links":{"self":[{"href":"https:\/\/francophone.port.ac.uk\/index.php?rest_route=\/wp\/v2\/posts\/1300","targetHints":{"allow":["GET"]}}],"collection":[{"href":"https:\/\/francophone.port.ac.uk\/index.php?rest_route=\/wp\/v2\/posts"}],"about":[{"href":"https:\/\/francophone.port.ac.uk\/index.php?rest_route=\/wp\/v2\/types\/post"}],"author":[{"embeddable":true,"href":"https:\/\/francophone.port.ac.uk\/index.php?rest_route=\/wp\/v2\/users\/5"}],"replies":[{"embeddable":true,"href":"https:\/\/francophone.port.ac.uk\/index.php?rest_route=%2Fwp%2Fv2%2Fcomments&post=1300"}],"version-history":[{"count":5,"href":"https:\/\/francophone.port.ac.uk\/index.php?rest_route=\/wp\/v2\/posts\/1300\/revisions"}],"predecessor-version":[{"id":1311,"href":"https:\/\/francophone.port.ac.uk\/index.php?rest_route=\/wp\/v2\/posts\/1300\/revisions\/1311"}],"wp:attachment":[{"href":"https:\/\/francophone.port.ac.uk\/index.php?rest_route=%2Fwp%2Fv2%2Fmedia&parent=1300"}],"wp:term":[{"taxonomy":"category","embeddable":true,"href":"https:\/\/francophone.port.ac.uk\/index.php?rest_route=%2Fwp%2Fv2%2Fcategories&post=1300"},{"taxonomy":"post_tag","embeddable":true,"href":"https:\/\/francophone.port.ac.uk\/index.php?rest_route=%2Fwp%2Fv2%2Ftags&post=1300"}],"curies":[{"name":"wp","href":"https:\/\/api.w.org\/{rel}","templated":true}]}}