{"id":1580,"date":"2017-09-08T05:28:17","date_gmt":"2017-09-08T04:28:17","guid":{"rendered":"http:\/\/francophone.port.ac.uk\/?p=1580"},"modified":"2017-09-08T05:28:17","modified_gmt":"2017-09-08T04:28:17","slug":"migrants-mini-sommet-europe-afrique-emmanuel-macron-crise-migratoire-quelles-propositions-lors-du-mini-sommet-euro-africain-a-paris","status":"publish","type":"post","link":"https:\/\/francophone.port.ac.uk\/?p=1580","title":{"rendered":"Migrants mini sommet Europe Afrique Emmanuel Macron Crise migratoire : quelles propositions lors du mini sommet euro-africain \u00e0 Paris ?"},"content":{"rendered":"<p><span style=\"color: #000000;\"><strong>Identifier les r\u00e9fugi\u00e9s <em>&#8220;d\u00e8s le territoire africain&#8221; <\/em>: les Europ\u00e9ens ont lanc\u00e9 une proposition peu d\u00e9taill\u00e9e lundi 28 ao\u00fbt 2017 \u00e0 Paris, en France, \u00e0 l&#8217;issue d&#8217;un sommet sur la crise migratoire, face \u00e0 des chefs d&#8217;Etat africains r\u00e9clamant davantage de financements.<br \/>\n<\/strong><\/span><\/p>\n<p>Par <a href=\"https:\/\/lesmauritanies.com\/author\/kassataya-mauritanie\/\">Kassataya Mauritanie<\/a><\/p>\n<hr \/>\n<p>L&#8217;id\u00e9e, pouss\u00e9e par le pr\u00e9sident fran\u00e7ais Emmanuel Macron, est de lancer la proc\u00e9dure d&#8217;asile en Afrique, <em>&#8220;dans des zones identifi\u00e9es, pleinement s\u00fbres, au Niger et au Tchad, sous supervision du HCR&#8221;<\/em>, leHaut commissariat des Nations unies (ONU) pour les r\u00e9fugi\u00e9s.<br \/>\nUne feuille de route a \u00e9t\u00e9 adopt\u00e9e \u00e0 l&#8217;issue de ce sommet en reprenant cette id\u00e9e de r\u00e9installation, mais chaque pays a mis en avant ses propres pr\u00e9occupations dans un dossier source de tensions.<\/p>\n<p>Le haut-commissaire de l&#8217;ONU pour les r\u00e9fugi\u00e9s, Filippo Grandi, s&#8217;est f\u00e9licit\u00e9 dans un communiqu\u00e9 des r\u00e9sultats du sommet de Paris : <em>&#8220;Je suis encourag\u00e9 par l&#8217;annonce d&#8217;un plan d&#8217;action complet qui soutiendra des solutions \u00e0 long terme&#8221;<\/em>. <em>&#8220;Les mesures qui ont simplement pour objectif de limiter le nombre d&#8217;arriv\u00e9es ne r\u00e9solvent pas le probl\u00e8me de la migration forc\u00e9e&#8221;,<\/em> a-t-il soulign\u00e9. <em>&#8220;Toute approche sens\u00e9e doit inclure un ensemble de mesures fortes pour assurer une paix durable dans le pays affect\u00e9s par les conflit ainsi que le d\u00e9veloppement \u00e9conomique et social dans les place d&#8217;origine&#8221;,<\/em> a ajout\u00e9 le haut-commissaire.<\/p>\n<p>Les discussions de Paris ont r\u00e9uni les pr\u00e9sidents tchadien et nig\u00e9rien, Idriss Deby Itno et Mahamadou Issoufou, ainsi que le chef du gouvernement d&#8217;entente nationale libyen, Fayez al-Sarraj, dont les pays sont au coeur du transit de migrants d&#8217;Afrique et du Moyen-Orient vers les c\u00f4tes europ\u00e9ennes. Pour l&#8217;Europe, \u00e9taient pr\u00e9sents la chanceli\u00e8re allemande Angela Merkel, les chefs de gouvernement italien et espagnol, Paolo Gentiloni et Mariano Rajoy, ainsi que la cheffe de la diplomatie europ\u00e9enne, Federica Mogherini.<\/p>\n<p>Une &#8220;mission conjointe&#8221; sera prochainement envoy\u00e9e au Niger et au Tchad, souligne la d\u00e9claration finale, en promettant de &#8220;continuer \u00e0 soutenir&#8221; ces pays sur plusieurs plans : contr\u00f4le des fronti\u00e8res, lutte contre les r\u00e9seaux de passeurs.<\/p>\n<h2>Les Africains veulent du concret<\/h2>\n<p>Face \u00e0 ces objectifs, les invit\u00e9s africains ont rappel\u00e9 que la question de l&#8217;immigration <em>&#8220;ne serait r\u00e9solue que par le d\u00e9veloppement&#8221;<\/em>. <em>&#8220;On est habitu\u00e9 \u00e0 des annonces de nos partenaires depuis des ann\u00e9es. Nous voulons des choses concr\u00e8tes&#8221;,<\/em> a insist\u00e9 le pr\u00e9sident tchadien Idriss Deby.<\/p>\n<p>Dans la d\u00e9claration finale, les Europ\u00e9ens &#8220;reconnaissent qu&#8217;il est n\u00e9cessaire&#8221; qu&#8217;ils &#8220;augmentent leur aide au Niger et au Tchad&#8221;. <em>&#8220;Le probl\u00e8me, c&#8217;est la pauvret\u00e9&#8221;,<\/em> a admis Federica Mogherini. Mais <em>&#8220;il n&#8217;y a pas besoin d&#8217;inventer un nouveau plan Marshall&#8221;<\/em>.<\/p>\n<p>En 2015, lors du sommet sur la migration \u00e0 La Valette (Malte), l&#8217;Union europ\u00e9enne (UE) avait mis sur la table 1,8 milliard d&#8217;euros via un fonds pour les pays africains. Et l&#8217;UE a vers\u00e9 en juillet une aide de 10 millions d&#8217;euros au Niger pour lutter contre l&#8217;immigration clandestine, premier d\u00e9caissement d&#8217;un programme d\u00e9cid\u00e9 en 2016.<\/p>\n<p>Les Europ\u00e9ens cherchent de longue date comment couper les routes de l&#8217;immigration ill\u00e9gale transitant par la M\u00e9diterran\u00e9e. Un accord controvers\u00e9 avec la Turquie, en 2016, \u00e0 permis de r\u00e9duire les flux en Gr\u00e8ce. Mais d&#8217;autres routes migratoires commencent \u00e0 reprendre, notamment du c\u00f4t\u00e9 du Maroc et de l&#8217;Espagne, et la trag\u00e9die humanitaire continue, avec 14 000 morts en M\u00e9diterran\u00e9e depuis 2014.<\/p>\n<p>Sur le fond, la d\u00e9claration finale reprend la distinction r\u00e9fugi\u00e9s\/migrants \u00e9conomiques martel\u00e9e par le pr\u00e9sident fran\u00e7ais et la chanceli\u00e8re allemande. <em>&#8220;Les migrants irr\u00e9guliers qui ne peuvent pr\u00e9tendre \u00e0 aucune forme de protection internationale doivent \u00eatre reconduits dans leur pays d\u2019origine, dans la s\u00e9curit\u00e9, l\u2019ordre et la dignit\u00e9, de pr\u00e9f\u00e9rence sur une base volontaire&#8221;,<\/em> souligne le texte.<\/p>\n<p>M. Macron, soulignant la <em>&#8220;p\u00e9dagogie&#8221;<\/em> que permettait cette distinction, a aussi plaid\u00e9 pour <em>&#8220;organiser le retour vers le pays d&#8217;origine&#8221;<\/em> des migrants, via <em>&#8220;des actions de coop\u00e9ration pays par pays&#8221;<\/em>.<\/p>\n<p>Ce sommet intervient apr\u00e8s une multiplication d&#8217;initiatives europ\u00e9ennes en ordre dispers\u00e9 pendant l&#8217;\u00e9t\u00e9 \u2013 notamment l&#8217;id\u00e9e d&#8217;ouvrir des &#8220;hotspots&#8221; \u2013 des centres d&#8217;examen pour les candidats \u00e0 l&#8217;asile \u2013 lanc\u00e9e par Emmanuel Macron, qui a inqui\u00e9t\u00e9 les ONG, et a \u00e9t\u00e9 vite corrig\u00e9e par l&#8217;Elys\u00e9e.<\/p>\n<p>La d\u00e9claration rend en revanche hommage aux projets italiens, notamment en mati\u00e8re de coop\u00e9ration \u00e9conomique avec les communaut\u00e9s locales en Libye pour leurs donner des ressources autres que le trafic d&#8217;\u00eatres humains.<\/p>\n<p>Pour sa part, le secr\u00e9taire g\u00e9n\u00e9ral de l&#8217;ONU, Antonio Guterres, a appel\u00e9 les autorit\u00e9s libyennes <em>&#8220;\u00e0 rel\u00e2cher imm\u00e9diatement&#8221;<\/em> les migrants les plus vuln\u00e9rables d\u00e9tenus en Libye, dans un rapport publi\u00e9 lundi, qui d\u00e9nonce de multiples atteintes aux droits de l&#8217;homme dans ce pays.<\/p>\n<p>L&#8217;Italie a aussi durci le ton avec un code de conduite pour les ONG : que les chefs d&#8217;\u00c9tat et de gouvernement r\u00e9unis ce lundi appuient sans r\u00e9serve, jugeant qu&#8217;il permet <em>&#8220;d&#8217;am\u00e9liorer la coordination et l&#8217;efficacit\u00e9 des sauvetages&#8221;<\/em>.<\/p>\n<p>En ce qui concerne la Libye, les Europ\u00e9ens <em>&#8220;f\u00e9licitent des efforts d\u00e9ploy\u00e9s par le gouvernement d&#8217;entente nationale pour contr\u00f4ler ses eaux territoriales&#8221;<\/em> et soulignent l&#8217;importance <em>&#8220;d&#8217;\u00e9quiper et de former de mani\u00e8re ad\u00e9quate les garde-c\u00f4tes libyens&#8221;<\/em>, mais<em> &#8220;en faisant porter l&#8217;accent sur la protection des droits de l\u2019Homme&#8221;<\/em>.<\/p>\n<p>Source :<strong> AFP<\/strong>\/<a href=\"http:\/\/www.tv5monde.com\/\" target=\"_blank\" rel=\"noopener noreferrer\">TV5MONDE<\/a><\/p>\n<p><strong>www.kassataya.com<\/strong><\/p>\n","protected":false},"excerpt":{"rendered":"<p>Identifier les r\u00e9fugi\u00e9s &#8220;d\u00e8s le territoire africain&#8221; : les Europ\u00e9ens ont lanc\u00e9 une proposition peu d\u00e9taill\u00e9e lundi 28 ao\u00fbt 2017 \u00e0 Paris, en France, \u00e0 l&#8217;issue d&#8217;un sommet sur la crise migratoire, face \u00e0 des chefs d&#8217;Etat africains r\u00e9clamant davantage &hellip; <a href=\"https:\/\/francophone.port.ac.uk\/?p=1580\">Continue reading <span class=\"meta-nav\">&rarr;<\/span><\/a><\/p>\n","protected":false},"author":6,"featured_media":0,"comment_status":"open","ping_status":"open","sticky":false,"template":"","format":"standard","meta":{"jetpack_post_was_ever_published":false,"_jetpack_newsletter_access":"","_jetpack_dont_email_post_to_subs":false,"_jetpack_newsletter_tier_id":0,"_jetpack_memberships_contains_paywalled_content":false,"_jetpack_memberships_contains_paid_content":false,"footnotes":""},"categories":[3],"tags":[376],"class_list":["post-1580","post","type-post","status-publish","format-standard","hentry","category-blogs","tag-crise-migratoire-refugies-immigration"],"jetpack_featured_media_url":"","jetpack_sharing_enabled":true,"_links":{"self":[{"href":"https:\/\/francophone.port.ac.uk\/index.php?rest_route=\/wp\/v2\/posts\/1580","targetHints":{"allow":["GET"]}}],"collection":[{"href":"https:\/\/francophone.port.ac.uk\/index.php?rest_route=\/wp\/v2\/posts"}],"about":[{"href":"https:\/\/francophone.port.ac.uk\/index.php?rest_route=\/wp\/v2\/types\/post"}],"author":[{"embeddable":true,"href":"https:\/\/francophone.port.ac.uk\/index.php?rest_route=\/wp\/v2\/users\/6"}],"replies":[{"embeddable":true,"href":"https:\/\/francophone.port.ac.uk\/index.php?rest_route=%2Fwp%2Fv2%2Fcomments&post=1580"}],"version-history":[{"count":2,"href":"https:\/\/francophone.port.ac.uk\/index.php?rest_route=\/wp\/v2\/posts\/1580\/revisions"}],"predecessor-version":[{"id":1582,"href":"https:\/\/francophone.port.ac.uk\/index.php?rest_route=\/wp\/v2\/posts\/1580\/revisions\/1582"}],"wp:attachment":[{"href":"https:\/\/francophone.port.ac.uk\/index.php?rest_route=%2Fwp%2Fv2%2Fmedia&parent=1580"}],"wp:term":[{"taxonomy":"category","embeddable":true,"href":"https:\/\/francophone.port.ac.uk\/index.php?rest_route=%2Fwp%2Fv2%2Fcategories&post=1580"},{"taxonomy":"post_tag","embeddable":true,"href":"https:\/\/francophone.port.ac.uk\/index.php?rest_route=%2Fwp%2Fv2%2Ftags&post=1580"}],"curies":[{"name":"wp","href":"https:\/\/api.w.org\/{rel}","templated":true}]}}