{"id":1618,"date":"2017-10-09T15:04:18","date_gmt":"2017-10-09T14:04:18","guid":{"rendered":"http:\/\/francophone.port.ac.uk\/?p=1618"},"modified":"2017-10-09T15:04:18","modified_gmt":"2017-10-09T14:04:18","slug":"proces-de-laurent-gbagbo-mediapart-denonce-un-montage-organise-par-la-france","status":"publish","type":"post","link":"https:\/\/francophone.port.ac.uk\/?p=1618","title":{"rendered":"Proc\u00e8s de Laurent Gbagbo : Mediapart d\u00e9nonce un &#8220;montage&#8221; organis\u00e9 par la France"},"content":{"rendered":"<div class=\"article-content-wrapper\">\n<section class=\"chapo\">Habitu\u00e9 aux r\u00e9v\u00e9lations choc, le site d\u2019investigation fran\u00e7ais, vient de jeter un gros pav\u00e9 dans la mare d\u00e9j\u00e0 pleine de la pol\u00e9mique sur le proc\u00e8s Gbagbo. Un document confidentiel du minist\u00e8re fran\u00e7ais des Affaires \u00e9trang\u00e8res \u00e0 l\u2019appui, Mediapart r\u00e9v\u00e8le que la CPI a d\u00e9lib\u00e9r\u00e9ment de maintenir en d\u00e9tention l\u2019ancien pr\u00e9sident ivoirien, sans mandat d\u2019arr\u00eat ni saisine. D\u00e9tails d\u2019une r\u00e9v\u00e9lation qui d\u00e9molit la cr\u00e9dibilit\u00e9 et l\u2019impartialit\u00e9 des membres de la CPI.<\/section>\n<section class=\"contenu-article clearfix\">\n<div class=\"body-article\">\n<p>Mediapart n&#8217;a pas laiss\u00e9 d&#8217;\u00e9quivoque dans son\u00a0titre. Son enqu\u00eate sous-titr\u00e9e <a href=\"https:\/\/www.mediapart.fr\/journal\/international\/051017\/proces-gbagbo-les-preuves-d-un-montage\">\u00ab\u00a0les preuves d&#8217;un montage\u00a0<\/a>\u00bb, d\u00e9signe par l\u00e0 un <em>\u00ab document confidentiel de la diplomatie fran\u00e7aise \u00bb<\/em>. Selon ce dernier, un haut responsable fran\u00e7ais fait savoir par courriel que Luis Moreno-Ocampo, procureur de la CPI (2003-2012) \u00e0 l&#8217;\u00e9poque, souhaite que les forces loyales \u00e0 Alassane Ouattara qui d\u00e9tenaient Laurent Gbagbo, le maintiennent en d\u00e9tention et d&#8217;attendre qu&#8217;un Etat de la r\u00e9gion renvoie l&#8217;affaire devant la CPI. Seul probl\u00e8me, le procureur ne d\u00e9tient aucun mandat d&#8217;arr\u00eat et n&#8217;a pas \u00e9t\u00e9 saisi.<\/p>\n<h2><strong>\u00ab\u00a0Monsieur Afrique\u00a0\u00bb \u00e0 la man\u0153uvre pour le montage<\/strong><\/h2>\n<p>A la man\u0153uvre pour ce <em>\u00ab\u00a0montage\u00a0\u00bb,<\/em> un obscur courriel envoy\u00e9 \u00e0 des personnes dont les patronymes ont \u00e9t\u00e9 gomm\u00e9s \u00e0 la publication de l&#8217;enqu\u00eate, le 11 avril 2011, le jour m\u00eame de la capture de Laurent Gbagbo et de son \u00e9pouse Simone par des milices pro-Ouattara qui se sont empar\u00e9es de la r\u00e9sidence pr\u00e9sidentielle avec l&#8217;aide des blind\u00e9s fran\u00e7ais.<\/p>\n<p>L&#8217;exp\u00e9diteur de ce mail n&#8217;est autre que l&#8217;\u00e9crivain St\u00e9phane Gompertz. Aujourd&#8217;hui \u00e0 la retraite, le sexag\u00e9naire a \u00e9t\u00e9 le \u00ab\u00a0Monsieur Afrique\u00a0\u00bb du minist\u00e8re des Affaires \u00e9trang\u00e8res entre 2010 et 2012, apr\u00e8s avoir \u00e9t\u00e9 ambassadeur de France en Ethiopie. <em>\u00ab\u00a0Si nous sommes interrog\u00e9s sur les poursuites, je pense que nous devrons avant tout renvoyer aux autorit\u00e9s l\u00e9gitimes de C\u00f4te d&#8217;Ivoire\u00a0\u00bb<\/em>, pianote le diplomate-\u00e9crivain sur son clavier.<\/p>\n<p>Cette r\u00e9v\u00e9lation explosive intervient en plein proc\u00e8s Gbagbo qui s&#8217;\u00e9ternise depuis janvier 2011. Elle risque d&#8217;\u00e9clipser le t\u00e9moignage \u00e0 charge de Philipe Mangou, ancien chef d&#8217;\u00e9tat-major qui a d\u00e9cid\u00e9 d&#8217;enfoncer l&#8217;ancien pr\u00e9sident ivoirien. Au-del\u00e0, ce sont la cr\u00e9dibilit\u00e9 et l&#8217;impartialit\u00e9 m\u00eame de la CPI qui sont remises en cause.<\/p>\n<h2><strong>Les r\u00e9v\u00e9lations du \u00ab\u00a0montage\u00a0\u00bb, de l&#8217;eau au moulin des avocats de Gbagbo<\/strong><\/h2>\n<p>Le moins que l&#8217;on puisse dire c&#8217;est que l&#8217;institution judiciaire bas\u00e9e \u00e0 la Haye, qui n&#8217;est plus en odeur de saintet\u00e9 sur le Continent, a jou\u00e9 le dangereux jeu de d\u00e9clencher un incendie et venir l&#8217;\u00e9teindre avec des litres d&#8217;essence. La r\u00e9v\u00e9lation de Mediapart prouverait, si besoin en \u00e9tait encore, des pratiques extrajudiciaires d&#8217;une cour susceptible de r\u00e9pondre aux ordres et \u00e0 \u00eatre perm\u00e9able \u00e0 l&#8217;influence d&#8217;Etats, capables d&#8217;instrumentaliser son pouvoir extraterritorial pour servir non pas la justice mais des int\u00e9r\u00eats.<\/p>\n<p>Pour aller plus loin, l&#8217;on est en droit de s&#8217;interroger, si la nouvelle procureur, Fatou Bensouda, ne parach\u00e8verait pas ce \u00ab\u00a0montage\u00a0\u00bb par un acharnement \u00e0 ne pas lib\u00e9rer, m\u00eame provisoirement Laurent Gbagbo que l&#8217;on dit pourtant atteint d&#8217;arthrose, de tension art\u00e9rielle et de rhumatisme.<\/p>\n<p>A contre-courant, son institution a syst\u00e9matiquement refus\u00e9 13 demandes de libert\u00e9 provisoire \u00e0 l&#8217;ancien pr\u00e9sident au point que la Cour d&#8217;appel de la CPI l&#8217;a enjoint de revoir sa copie.<\/p>\n<p>Pour l&#8217;heure difficile de dire si les r\u00e9v\u00e9lations de Mediapart peuvent constituer une bou\u00e9e de sauvetage pour faire sortir Laurent Gbagbo du p\u00e9nitencier de Haaglanden, dans le quartier de Scheveningen, sur les rives de la mer du Nord aux Pays-Bas. Mais, elles apportent de l&#8217;eau au moulin des avocats de l&#8217;ancien pr\u00e9sident et interrogent sur le bien-fond\u00e9 des poursuites \u00e0 l&#8217;encontre de leur client.<\/p>\n<p>Apr\u00e8s les r\u00e9v\u00e9lations sur les turpitudes notamment les accointances d&#8217;Ocampo avec Hassan Tatanaki, obscur personnage dans la crise libyenne, et ses comptes offshores, la CPI se retrouve dans l&#8217;\u0153il du cyclone. Un argument de plus pour conforter la fronde africaine\u00a0?<\/p>\n<\/div>\n<p>&nbsp;<\/p>\n<p><span class=\"author-name\">Par Ibrahima Bayo Jr. <\/span><\/p>\n<p>Publi\u00e9 sur le site La Tribune Afrique : http:\/\/afrique.latribune.fr\/politique\/2017-10-05\/cote-d-ivoire-la-detention-de-laurent-gbagbo-un-montage-selon-mediapart-753075.html<\/p>\n<\/section>\n<p>Lien vers l&#8217;article original de Mediapart : https:\/\/www.mediapart.fr\/journal\/international\/051017\/proces-gbagbo-les-preuves-d-un-montage?onglet=full<\/p>\n<\/div>\n","protected":false},"excerpt":{"rendered":"<p>Habitu\u00e9 aux r\u00e9v\u00e9lations choc, le site d\u2019investigation fran\u00e7ais, vient de jeter un gros pav\u00e9 dans la mare d\u00e9j\u00e0 pleine de la pol\u00e9mique sur le proc\u00e8s Gbagbo. Un document confidentiel du minist\u00e8re fran\u00e7ais des Affaires \u00e9trang\u00e8res \u00e0 l\u2019appui, Mediapart r\u00e9v\u00e8le que &hellip; <a href=\"https:\/\/francophone.port.ac.uk\/?p=1618\">Continue reading <span class=\"meta-nav\">&rarr;<\/span><\/a><\/p>\n","protected":false},"author":5,"featured_media":0,"comment_status":"open","ping_status":"open","sticky":false,"template":"","format":"standard","meta":{"jetpack_post_was_ever_published":false,"_jetpack_newsletter_access":"","_jetpack_dont_email_post_to_subs":false,"_jetpack_newsletter_tier_id":0,"_jetpack_memberships_contains_paywalled_content":false,"_jetpack_memberships_contains_paid_content":false,"footnotes":""},"categories":[3],"tags":[88,10,397],"class_list":["post-1618","post","type-post","status-publish","format-standard","hentry","category-blogs","tag-francafrique","tag-international-criminal-court","tag-laurent-gbagbo"],"jetpack_featured_media_url":"","jetpack_sharing_enabled":true,"_links":{"self":[{"href":"https:\/\/francophone.port.ac.uk\/index.php?rest_route=\/wp\/v2\/posts\/1618","targetHints":{"allow":["GET"]}}],"collection":[{"href":"https:\/\/francophone.port.ac.uk\/index.php?rest_route=\/wp\/v2\/posts"}],"about":[{"href":"https:\/\/francophone.port.ac.uk\/index.php?rest_route=\/wp\/v2\/types\/post"}],"author":[{"embeddable":true,"href":"https:\/\/francophone.port.ac.uk\/index.php?rest_route=\/wp\/v2\/users\/5"}],"replies":[{"embeddable":true,"href":"https:\/\/francophone.port.ac.uk\/index.php?rest_route=%2Fwp%2Fv2%2Fcomments&post=1618"}],"version-history":[{"count":1,"href":"https:\/\/francophone.port.ac.uk\/index.php?rest_route=\/wp\/v2\/posts\/1618\/revisions"}],"predecessor-version":[{"id":1619,"href":"https:\/\/francophone.port.ac.uk\/index.php?rest_route=\/wp\/v2\/posts\/1618\/revisions\/1619"}],"wp:attachment":[{"href":"https:\/\/francophone.port.ac.uk\/index.php?rest_route=%2Fwp%2Fv2%2Fmedia&parent=1618"}],"wp:term":[{"taxonomy":"category","embeddable":true,"href":"https:\/\/francophone.port.ac.uk\/index.php?rest_route=%2Fwp%2Fv2%2Fcategories&post=1618"},{"taxonomy":"post_tag","embeddable":true,"href":"https:\/\/francophone.port.ac.uk\/index.php?rest_route=%2Fwp%2Fv2%2Ftags&post=1618"}],"curies":[{"name":"wp","href":"https:\/\/api.w.org\/{rel}","templated":true}]}}