{"id":1663,"date":"2017-12-06T09:32:40","date_gmt":"2017-12-06T09:32:40","guid":{"rendered":"http:\/\/francophone.port.ac.uk\/?p=1663"},"modified":"2017-12-06T09:33:57","modified_gmt":"2017-12-06T09:33:57","slug":"larmee-francaise-et-lafrique-1830-2017","status":"publish","type":"post","link":"https:\/\/francophone.port.ac.uk\/?p=1663","title":{"rendered":"L&#8217;arm\u00e9e fran\u00e7aise et l&#8217;Afrique (1830-2017)"},"content":{"rendered":"<p><em>Questions \u00e0\u00a0<a href=\"https:\/\/egerabat.academia.edu\/EtienneSmith\" target=\"_blank\" rel=\"noopener noreferrer\">Etienne Smith<\/a>, chercheur de la chaire d\u2019Etudes Africaines Compar\u00e9es, Rabat, et chercheur associ\u00e9 au CERI &#8211; Sciences Po. Il vient de diriger le numero de la revue\u00a0Les Temps Modernes\u00a0intitul\u00e9\u00a0<a href=\"http:\/\/www.gallimard.fr\/Catalogue\/GALLIMARD\/Revue-Les-Temps-Modernes\/Les-Temps-Modernes608\" target=\"_blank\" rel=\"noopener noreferrer\">Guerres africaines de la France : 1830-2017. L\u2019empire des arm\u00e9es<\/a>.<\/em><\/p>\n<p><strong>Qu\u2019apporte ce double-num\u00e9ro \u00e0 notre connaissance de l\u2019arm\u00e9e fran\u00e7aise en Afrique ?<\/strong><\/p>\n<p><span lang=\"FR\">Les aspects purement militaires ou g\u00e9opolitiques des interventions militaires fran\u00e7aises en Afrique ont fait l\u2019objet de quantit\u00e9 de travaux. Ce num\u00e9ro propose plut\u00f4t de suivre le fil rouge du \u00ab gallo-militarisme \u00bb au long cours en croisant les regards historiens et contemporains. Si les diff\u00e9rentes histoires \u00e9voqu\u00e9es dans le num\u00e9ro sont connues des sp\u00e9cialistes en \u00e9tudes africaines, elles sont encore souvent m\u00e9connues du public non-sp\u00e9cialiste. L\u2019objectif \u00e9tait donc de faire conna\u00eetre ces recherches, comme par exemple sur la guerre du Volta-Bani, pr\u00e9sent\u00e9e par Mahir Saul, qui a d\u00e9vast\u00e9 l\u2019ouest de l\u2019actuel Burkina-Faso en 1916 et 1917, ou bien la guerre contre-r\u00e9volutionnaire men\u00e9e contre l\u2019Union des Populations du Cameroun (UPC) \u00e0 partir du milieu des ann\u00e9es 1950, sur laquelle revient Manuel Domergue, ou encore, \u00e0 la m\u00eame p\u00e9riode, la r\u00e9pression contre le parti Sawaba au Niger restitu\u00e9e par Klaas van Walraven.<\/span><\/p>\n<p><strong><a href=\"http:\/\/libeafrica4.blogs.liberation.fr\/2017\/07\/13\/larmee-francaise-et-lafrique-1830-2017\/\">Read More<\/a><\/strong><\/p>\n<p>Article originally published on <strong><a href=\"http:\/\/libeafrica4.blogs.liberation.fr\/2017\/07\/13\/larmee-francaise-et-lafrique-1830-2017\/\">Lib\u00e9ration Africa4 Blogs<\/a><\/strong><\/p>\n","protected":false},"excerpt":{"rendered":"<p>Questions \u00e0\u00a0Etienne Smith, chercheur de la chaire d\u2019Etudes Africaines Compar\u00e9es, Rabat, et chercheur associ\u00e9 au CERI &#8211; Sciences Po. Il vient de diriger le numero de la revue\u00a0Les Temps Modernes\u00a0intitul\u00e9\u00a0Guerres africaines de la France : 1830-2017. L\u2019empire des arm\u00e9es. Qu\u2019apporte &hellip; <a href=\"https:\/\/francophone.port.ac.uk\/?p=1663\">Continue reading <span class=\"meta-nav\">&rarr;<\/span><\/a><\/p>\n","protected":false},"author":9,"featured_media":0,"comment_status":"open","ping_status":"open","sticky":false,"template":"","format":"standard","meta":{"jetpack_post_was_ever_published":false,"_jetpack_newsletter_access":"","_jetpack_dont_email_post_to_subs":false,"_jetpack_newsletter_tier_id":0,"_jetpack_memberships_contains_paywalled_content":false,"_jetpack_memberships_contains_paid_content":false,"footnotes":""},"categories":[3],"tags":[58,409,410,252],"class_list":["post-1663","post","type-post","status-publish","format-standard","hentry","category-blogs","tag-africa","tag-army","tag-diplomacy","tag-france"],"jetpack_featured_media_url":"","jetpack_sharing_enabled":true,"_links":{"self":[{"href":"https:\/\/francophone.port.ac.uk\/index.php?rest_route=\/wp\/v2\/posts\/1663","targetHints":{"allow":["GET"]}}],"collection":[{"href":"https:\/\/francophone.port.ac.uk\/index.php?rest_route=\/wp\/v2\/posts"}],"about":[{"href":"https:\/\/francophone.port.ac.uk\/index.php?rest_route=\/wp\/v2\/types\/post"}],"author":[{"embeddable":true,"href":"https:\/\/francophone.port.ac.uk\/index.php?rest_route=\/wp\/v2\/users\/9"}],"replies":[{"embeddable":true,"href":"https:\/\/francophone.port.ac.uk\/index.php?rest_route=%2Fwp%2Fv2%2Fcomments&post=1663"}],"version-history":[{"count":1,"href":"https:\/\/francophone.port.ac.uk\/index.php?rest_route=\/wp\/v2\/posts\/1663\/revisions"}],"predecessor-version":[{"id":1664,"href":"https:\/\/francophone.port.ac.uk\/index.php?rest_route=\/wp\/v2\/posts\/1663\/revisions\/1664"}],"wp:attachment":[{"href":"https:\/\/francophone.port.ac.uk\/index.php?rest_route=%2Fwp%2Fv2%2Fmedia&parent=1663"}],"wp:term":[{"taxonomy":"category","embeddable":true,"href":"https:\/\/francophone.port.ac.uk\/index.php?rest_route=%2Fwp%2Fv2%2Fcategories&post=1663"},{"taxonomy":"post_tag","embeddable":true,"href":"https:\/\/francophone.port.ac.uk\/index.php?rest_route=%2Fwp%2Fv2%2Ftags&post=1663"}],"curies":[{"name":"wp","href":"https:\/\/api.w.org\/{rel}","templated":true}]}}