{"id":1680,"date":"2017-12-20T20:51:41","date_gmt":"2017-12-20T20:51:41","guid":{"rendered":"http:\/\/francophone.port.ac.uk\/?p=1680"},"modified":"2017-12-20T20:51:41","modified_gmt":"2017-12-20T20:51:41","slug":"le-retour-des-djihadistes-de-daesch-et-le-risque-securitaire-de-ladhesion-du-maroc-et-de-la-tunisie-a-la-cedeao","status":"publish","type":"post","link":"https:\/\/francophone.port.ac.uk\/?p=1680","title":{"rendered":"Le retour des djihadistes de Daesch et le risque s\u00e9curitaire de l\u2019adh\u00e9sion du Maroc et de la Tunisie \u00e0 la CEDEAO"},"content":{"rendered":"<p><em>La quatri\u00e8me \u00e9dition du Forum sur la paix et la s\u00e9curit\u00e9 tenu \u00e0 Dakar (13-14 novembre 2017) a \u00e9t\u00e9 l\u2019occasion pour le pr\u00e9sident s\u00e9n\u00e9galais Macky Sall d\u2019\u00e9voquer publiquement une v\u00e9ritable hantise que nourrissaient depuis des mois nombre d\u2019experts sur les questions de paix, de s\u00e9curit\u00e9 et de d\u00e9fense en Afrique de l\u2019Ouest.<\/em><\/p>\n<p>Il s\u2019agit du retour in\u00e9luctable de djihadistes, africains ou non, sur le continent au fur et \u00e0 mesure de la chute des bastions de Daesch (ou Etat islamique) en Syrie et en Irak. Le pr\u00e9sident Macky Sall a \u00e9t\u00e9 on ne peut plus clair \u00e0 cet \u00e9gard en pr\u00e9cisant que \u00ab\u00a0le risque aujourd\u2019hui et pour les ann\u00e9es \u00e0 venir, c\u2019est d\u2019avoir des terroristes vaincus ailleurs chercher des zones de repli en Afrique pour y poursuivre leurs activit\u00e9s criminelles en s\u2019attaquant aussi bien aux populations locales qu\u2019aux int\u00e9r\u00eats \u00e9trangers \u00bb.<\/p>\n<p><a href=\"https:\/\/www.wathi.org\/laboratoire\/tribune\/retour-djihadistes-de-daesch-risque-securitaire-de-ladhesion-maroc-de-tunisie-a-cedeao\/\"><strong>Read More<\/strong><\/a><\/p>\n<p><strong>Article originally published on <a href=\"https:\/\/www.wathi.org\/laboratoire\/tribune\/retour-djihadistes-de-daesch-risque-securitaire-de-ladhesion-maroc-de-tunisie-a-cedeao\/\">WATHI<\/a><\/strong><\/p>\n","protected":false},"excerpt":{"rendered":"<p>La quatri\u00e8me \u00e9dition du Forum sur la paix et la s\u00e9curit\u00e9 tenu \u00e0 Dakar (13-14 novembre 2017) a \u00e9t\u00e9 l\u2019occasion pour le pr\u00e9sident s\u00e9n\u00e9galais Macky Sall d\u2019\u00e9voquer publiquement une v\u00e9ritable hantise que nourrissaient depuis des mois nombre d\u2019experts sur les &hellip; <a href=\"https:\/\/francophone.port.ac.uk\/?p=1680\">Continue reading <span class=\"meta-nav\">&rarr;<\/span><\/a><\/p>\n","protected":false},"author":9,"featured_media":0,"comment_status":"open","ping_status":"open","sticky":false,"template":"","format":"standard","meta":{"jetpack_post_was_ever_published":false,"_jetpack_newsletter_access":"","_jetpack_dont_email_post_to_subs":false,"_jetpack_newsletter_tier_id":0,"_jetpack_memberships_contains_paywalled_content":false,"_jetpack_memberships_contains_paid_content":false,"footnotes":""},"categories":[3],"tags":[419,418,408,406,67],"class_list":["post-1680","post","type-post","status-publish","format-standard","hentry","category-blogs","tag-cedeao","tag-ecowas","tag-security","tag-terrorism","tag-west-africa"],"jetpack_featured_media_url":"","jetpack_sharing_enabled":true,"_links":{"self":[{"href":"https:\/\/francophone.port.ac.uk\/index.php?rest_route=\/wp\/v2\/posts\/1680","targetHints":{"allow":["GET"]}}],"collection":[{"href":"https:\/\/francophone.port.ac.uk\/index.php?rest_route=\/wp\/v2\/posts"}],"about":[{"href":"https:\/\/francophone.port.ac.uk\/index.php?rest_route=\/wp\/v2\/types\/post"}],"author":[{"embeddable":true,"href":"https:\/\/francophone.port.ac.uk\/index.php?rest_route=\/wp\/v2\/users\/9"}],"replies":[{"embeddable":true,"href":"https:\/\/francophone.port.ac.uk\/index.php?rest_route=%2Fwp%2Fv2%2Fcomments&post=1680"}],"version-history":[{"count":1,"href":"https:\/\/francophone.port.ac.uk\/index.php?rest_route=\/wp\/v2\/posts\/1680\/revisions"}],"predecessor-version":[{"id":1681,"href":"https:\/\/francophone.port.ac.uk\/index.php?rest_route=\/wp\/v2\/posts\/1680\/revisions\/1681"}],"wp:attachment":[{"href":"https:\/\/francophone.port.ac.uk\/index.php?rest_route=%2Fwp%2Fv2%2Fmedia&parent=1680"}],"wp:term":[{"taxonomy":"category","embeddable":true,"href":"https:\/\/francophone.port.ac.uk\/index.php?rest_route=%2Fwp%2Fv2%2Fcategories&post=1680"},{"taxonomy":"post_tag","embeddable":true,"href":"https:\/\/francophone.port.ac.uk\/index.php?rest_route=%2Fwp%2Fv2%2Ftags&post=1680"}],"curies":[{"name":"wp","href":"https:\/\/api.w.org\/{rel}","templated":true}]}}