{"id":1692,"date":"2018-01-07T15:40:18","date_gmt":"2018-01-07T15:40:18","guid":{"rendered":"http:\/\/francophone.port.ac.uk\/?p=1692"},"modified":"2018-01-07T15:40:49","modified_gmt":"2018-01-07T15:40:49","slug":"quand-paris-etait-le-hub-des-ventes-darmes-au-regime-sud-africain-dapartheid","status":"publish","type":"post","link":"https:\/\/francophone.port.ac.uk\/?p=1692","title":{"rendered":"Quand Paris \u00e9tait le \u00abhub\u00bb des ventes d\u2019armes au r\u00e9gime sud-africain d\u2019apartheid"},"content":{"rendered":"<p><em>Dans un livre d\u2019enqu\u00eate fond\u00e9 sur des archives sud-africaines,\u00a0Hennie Van Vuuren remet en cause plusieurs lieux communs sur l\u2019isolement de l\u2019Afrique du Sud sous l\u2019apartheid, mais il d\u00e9voile aussi le r\u00f4le consid\u00e9rable jou\u00e9 par la France dans le trafic d\u2019armes avec Pretoria, pendant que Giscard, Mitterrand et Chirac fermaient les yeux.<\/em><\/p>\n<p><a href=\"https:\/\/www.mediapart.fr\/journal\/international\/171217\/quand-paris-etait-le-hub-des-ventes-d-armes-au-regime-sud-africain-d-apartheid\"><strong>Read More<\/strong><\/a><\/p>\n<p>Article originally published on <a href=\"https:\/\/www.mediapart.fr\/journal\/international\/171217\/quand-paris-etait-le-hub-des-ventes-d-armes-au-regime-sud-africain-d-apartheid\"><strong>Mediapart<\/strong><\/a><\/p>\n","protected":false},"excerpt":{"rendered":"<p>Dans un livre d\u2019enqu\u00eate fond\u00e9 sur des archives sud-africaines,\u00a0Hennie Van Vuuren remet en cause plusieurs lieux communs sur l\u2019isolement de l\u2019Afrique du Sud sous l\u2019apartheid, mais il d\u00e9voile aussi le r\u00f4le consid\u00e9rable jou\u00e9 par la France dans le trafic d\u2019armes &hellip; <a href=\"https:\/\/francophone.port.ac.uk\/?p=1692\">Continue reading <span class=\"meta-nav\">&rarr;<\/span><\/a><\/p>\n","protected":false},"author":9,"featured_media":0,"comment_status":"open","ping_status":"open","sticky":false,"template":"","format":"standard","meta":{"jetpack_post_was_ever_published":false,"_jetpack_newsletter_access":"","_jetpack_dont_email_post_to_subs":false,"_jetpack_newsletter_tier_id":0,"_jetpack_memberships_contains_paywalled_content":false,"_jetpack_memberships_contains_paid_content":false,"footnotes":""},"categories":[3],"tags":[422,306,252,7],"class_list":["post-1692","post","type-post","status-publish","format-standard","hentry","category-blogs","tag-apartheid","tag-arms-trade","tag-france","tag-south-africa"],"jetpack_featured_media_url":"","jetpack_sharing_enabled":true,"_links":{"self":[{"href":"https:\/\/francophone.port.ac.uk\/index.php?rest_route=\/wp\/v2\/posts\/1692","targetHints":{"allow":["GET"]}}],"collection":[{"href":"https:\/\/francophone.port.ac.uk\/index.php?rest_route=\/wp\/v2\/posts"}],"about":[{"href":"https:\/\/francophone.port.ac.uk\/index.php?rest_route=\/wp\/v2\/types\/post"}],"author":[{"embeddable":true,"href":"https:\/\/francophone.port.ac.uk\/index.php?rest_route=\/wp\/v2\/users\/9"}],"replies":[{"embeddable":true,"href":"https:\/\/francophone.port.ac.uk\/index.php?rest_route=%2Fwp%2Fv2%2Fcomments&post=1692"}],"version-history":[{"count":1,"href":"https:\/\/francophone.port.ac.uk\/index.php?rest_route=\/wp\/v2\/posts\/1692\/revisions"}],"predecessor-version":[{"id":1693,"href":"https:\/\/francophone.port.ac.uk\/index.php?rest_route=\/wp\/v2\/posts\/1692\/revisions\/1693"}],"wp:attachment":[{"href":"https:\/\/francophone.port.ac.uk\/index.php?rest_route=%2Fwp%2Fv2%2Fmedia&parent=1692"}],"wp:term":[{"taxonomy":"category","embeddable":true,"href":"https:\/\/francophone.port.ac.uk\/index.php?rest_route=%2Fwp%2Fv2%2Fcategories&post=1692"},{"taxonomy":"post_tag","embeddable":true,"href":"https:\/\/francophone.port.ac.uk\/index.php?rest_route=%2Fwp%2Fv2%2Ftags&post=1692"}],"curies":[{"name":"wp","href":"https:\/\/api.w.org\/{rel}","templated":true}]}}