{"id":1705,"date":"2018-01-10T09:26:10","date_gmt":"2018-01-10T09:26:10","guid":{"rendered":"http:\/\/francophone.port.ac.uk\/?p=1705"},"modified":"2018-01-10T09:26:10","modified_gmt":"2018-01-10T09:26:10","slug":"le-centre-mali-violences-et-instrumentalisation-croisees","status":"publish","type":"post","link":"https:\/\/francophone.port.ac.uk\/?p=1705","title":{"rendered":"Le Centre Mali : violences et instrumentalisation crois\u00e9es"},"content":{"rendered":"<p><em>La crise malienne de 2012 a d\u2019abord sembl\u00e9 circonscrite aux r\u00e9gions du nord du pays. Mais il est dor\u00e9navant admis que le centre du Mali est lui aussi touch\u00e9 par la violence.<\/em><\/p>\n<p>Cet \u00e9largissement de la zone de crise a conduit les acteurs s\u00e9curitaires nationaux et internationaux \u00e0 r\u00e9\u00e9valuer progressivement leurs strat\u00e9gies d\u2019interventions mais \u00e9galement \u00e0 revoir les analyses portant sur les facteurs profonds du conflit malien.<\/p>\n<p>Celui-ci r\u00e9v\u00e8le en effet des dynamiques qui ne correspondent pas aux grilles de lectures utilis\u00e9es habituellement. L\u2019immixtion d\u2019acteurs djihadistes \u00e0 l\u2019int\u00e9rieur de conflits intra et inter communautaires rend la compr\u00e9hension de la situation au Centre Mali et les r\u00e9ponses \u00e0 y apporter en termes de d\u00e9veloppement et de s\u00e9curit\u00e9, compliqu\u00e9es.<\/p>\n<p>Bas\u00e9 sur des entretiens, une revue documentaire et des documents originaux, cette \u00e9tude compare les diff\u00e9rentes perspectives utilis\u00e9es pour analyser le conflit en cours au centre du Mali et ses \u00e9volutions depuis la crise de 2012.<\/p>\n<p><a href=\"https:\/\/www.sipri.org\/publications\/2017\/sipri-insights-peace-and-security\/le-centre-mali-violences-et-instrumentalisation-croisees\"><strong>Read More<\/strong><\/a><\/p>\n<p><strong>Article originally published on <a href=\"https:\/\/www.sipri.org\/publications\/2017\/sipri-insights-peace-and-security\/le-centre-mali-violences-et-instrumentalisation-croisees\">Stockholm International Peace Research Institute (SIPRI)<\/a><\/strong><\/p>\n","protected":false},"excerpt":{"rendered":"<p>La crise malienne de 2012 a d\u2019abord sembl\u00e9 circonscrite aux r\u00e9gions du nord du pays. Mais il est dor\u00e9navant admis que le centre du Mali est lui aussi touch\u00e9 par la violence. Cet \u00e9largissement de la zone de crise a &hellip; <a href=\"https:\/\/francophone.port.ac.uk\/?p=1705\">Continue reading <span class=\"meta-nav\">&rarr;<\/span><\/a><\/p>\n","protected":false},"author":9,"featured_media":0,"comment_status":"open","ping_status":"open","sticky":false,"template":"","format":"standard","meta":{"jetpack_post_was_ever_published":false,"_jetpack_newsletter_access":"","_jetpack_dont_email_post_to_subs":false,"_jetpack_newsletter_tier_id":0,"_jetpack_memberships_contains_paywalled_content":false,"_jetpack_memberships_contains_paid_content":false,"footnotes":""},"categories":[3],"tags":[423,281,424,72,408],"class_list":["post-1705","post","type-post","status-publish","format-standard","hentry","category-blogs","tag-conflict","tag-conflict-resolution","tag-jihadism","tag-mali","tag-security"],"jetpack_featured_media_url":"","jetpack_sharing_enabled":true,"_links":{"self":[{"href":"https:\/\/francophone.port.ac.uk\/index.php?rest_route=\/wp\/v2\/posts\/1705","targetHints":{"allow":["GET"]}}],"collection":[{"href":"https:\/\/francophone.port.ac.uk\/index.php?rest_route=\/wp\/v2\/posts"}],"about":[{"href":"https:\/\/francophone.port.ac.uk\/index.php?rest_route=\/wp\/v2\/types\/post"}],"author":[{"embeddable":true,"href":"https:\/\/francophone.port.ac.uk\/index.php?rest_route=\/wp\/v2\/users\/9"}],"replies":[{"embeddable":true,"href":"https:\/\/francophone.port.ac.uk\/index.php?rest_route=%2Fwp%2Fv2%2Fcomments&post=1705"}],"version-history":[{"count":1,"href":"https:\/\/francophone.port.ac.uk\/index.php?rest_route=\/wp\/v2\/posts\/1705\/revisions"}],"predecessor-version":[{"id":1706,"href":"https:\/\/francophone.port.ac.uk\/index.php?rest_route=\/wp\/v2\/posts\/1705\/revisions\/1706"}],"wp:attachment":[{"href":"https:\/\/francophone.port.ac.uk\/index.php?rest_route=%2Fwp%2Fv2%2Fmedia&parent=1705"}],"wp:term":[{"taxonomy":"category","embeddable":true,"href":"https:\/\/francophone.port.ac.uk\/index.php?rest_route=%2Fwp%2Fv2%2Fcategories&post=1705"},{"taxonomy":"post_tag","embeddable":true,"href":"https:\/\/francophone.port.ac.uk\/index.php?rest_route=%2Fwp%2Fv2%2Ftags&post=1705"}],"curies":[{"name":"wp","href":"https:\/\/api.w.org\/{rel}","templated":true}]}}