{"id":1714,"date":"2018-01-16T09:42:43","date_gmt":"2018-01-16T09:42:43","guid":{"rendered":"http:\/\/francophone.port.ac.uk\/?p=1714"},"modified":"2018-01-16T09:42:43","modified_gmt":"2018-01-16T09:42:43","slug":"la-belgique-continue-a-sengager-en-faveur-de-la-population-de-la-republique-democratique-du-congo-communique-de-presse","status":"publish","type":"post","link":"https:\/\/francophone.port.ac.uk\/?p=1714","title":{"rendered":"La Belgique continue \u00e0 s\u2019engager en faveur de la population de la R\u00e9publique d\u00e9mocratique du Congo (Communiqu\u00e9 de presse)"},"content":{"rendered":"<p>Le Vice-Premier Ministre et Ministre des Affaires \u00e9trang\u00e8res Didier Reynders et le Vice-Premier Ministre et Ministre de la Coop\u00e9ration au d\u00e9veloppement Alexander De Croo sont intervenus \u00e0 huis-clos devant la Commission des Relations ext\u00e9rieures de la Chambre pour exposer la politique belge \u00e0 l\u2019\u00e9gard de la R\u00e9publique d\u00e9mocratique du Congo (RDC).<\/p>\n<p>Les ministres sont inquiets de la situation des droits de l\u2019Homme en RDC et de l\u2019ins\u00e9curit\u00e9 dans plusieurs provinces du pays. Ils condamnent l\u2019intervention des forces de l\u2019ordre le 31 d\u00e9cembre et appellent \u00e0 l\u2019ouverture d\u2019une enqu\u00eate ind\u00e9pendante \u00e0 cet \u00e9gard, afin notamment d\u2019\u00e9tablir les responsabilit\u00e9s individuelles. Ils sont convaincus que seules des \u00e9lections cr\u00e9dibles offrent une issue, sachant que cela fait d\u00e9j\u00e0 plus d\u2019un an qu\u2019ont expir\u00e9 les mandats constitutionnels au Congo. Les mesures pr\u00e9vues dans l\u2019accord de la Saint-Sylvestre de 2016 pour r\u00e9duire les tensions et ouvrir l\u2019espace d\u00e9mocratique doivent de toute urgence \u00eatre mises en \u0153uvre. Les ministres soulignent qu\u2019une volont\u00e9 politique est n\u00e9cessaire pour organiser des \u00e9lections correctes. Ils rappellent que la Belgique est dispos\u00e9e \u00e0 contribuer \u00e0 des \u00e9lections \u00e9quitables et transparentes.<\/p>\n<p>Les besoins humanitaires croissants et le changement de la situation politique imposent une r\u00e9vision fondamentale de notre coop\u00e9ration. Concr\u00e8tement, il a \u00e9t\u00e9 d\u00e9cid\u00e9 de mettre fin \u00e0 une s\u00e9rie d\u2019interventions qui devaient \u00eatre mises en \u0153uvre directement par les autorit\u00e9s congolaises. Cela concerne des interventions pour un montant total de 25 millions d\u2019euros qui n\u2019ont pas encore \u00e9t\u00e9 sign\u00e9es ou qui ont d\u00e9j\u00e0 \u00e9t\u00e9 temporairement suspendues. La Belgique souhaite cependant renforcer sa solidarit\u00e9 \u00e0 l\u2019\u00e9gard de la population congolaise et affectera, pour cette raison, les moyens lib\u00e9r\u00e9s au profit de l\u2019aide humanitaire et d\u2019autres initiatives r\u00e9pondant aux besoins les plus pressants de la population.<\/p>\n<p>L\u2019aide humanitaire \u00e0 la RDC se trouvera de cette mani\u00e8re augment\u00e9e \u00e0 25 millions d\u2019euros. En parall\u00e8le, davantage de coop\u00e9ration avec des organisations non-gouvernementales sera recherch\u00e9e. Enabel, la nouvelle agence belge de d\u00e9veloppement, recevra \u00e9galement la mission de soutenir des organisations de la soci\u00e9t\u00e9 civile congolaise sur le plan des droits de l\u2019homme et des libert\u00e9s politiques. Enfin, un nouveau programme bilat\u00e9ral de coop\u00e9ration avec les autorit\u00e9s congolaises ne pourra \u00eatre conclu qu\u2019apr\u00e8s l\u2019organisation d\u2019\u00e9lections cr\u00e9dibles, sur base des principes de bonne gouvernance.<\/p>\n<p>La Belgique demeure un partenaire engag\u00e9 de la R\u00e9publique d\u00e9mocratique du Congo. Bien que cela ne soit pas toujours \u00e9vident, la Belgique reste en contact avec toutes les parties : la majorit\u00e9, l\u2019opposition et la soci\u00e9t\u00e9 civile. Les ministres placeront le Congo sur l\u2019agenda international europ\u00e9en, aussi pour demander de l\u2019attention aux besoins humanitaires de la population. Ils continueront \u00e0 se concerter avec les partenaires internationaux et les pays de la r\u00e9gion.<\/p>\n<p>&nbsp;<\/p>\n<p>Originally published on <a href=\"https:\/\/diplomatie.belgium.be\/fr\/newsroom\/nouvelles\/2018\/la_belgique_continue_sengager_en_faveur_de_la_population_de_la_rdc\"><strong>Affaires \u00e9trang\u00e8res, Commerce ext\u00e9rieur et Coop\u00e9ration au d\u00e9veloppement<\/strong><\/a><\/p>\n","protected":false},"excerpt":{"rendered":"<p>Le Vice-Premier Ministre et Ministre des Affaires \u00e9trang\u00e8res Didier Reynders et le Vice-Premier Ministre et Ministre de la Coop\u00e9ration au d\u00e9veloppement Alexander De Croo sont intervenus \u00e0 huis-clos devant la Commission des Relations ext\u00e9rieures de la Chambre pour exposer la &hellip; <a href=\"https:\/\/francophone.port.ac.uk\/?p=1714\">Continue reading <span class=\"meta-nav\">&rarr;<\/span><\/a><\/p>\n","protected":false},"author":9,"featured_media":0,"comment_status":"open","ping_status":"open","sticky":false,"template":"","format":"standard","meta":{"jetpack_post_was_ever_published":false,"_jetpack_newsletter_access":"","_jetpack_dont_email_post_to_subs":false,"_jetpack_newsletter_tier_id":0,"_jetpack_memberships_contains_paywalled_content":false,"_jetpack_memberships_contains_paid_content":false,"footnotes":""},"categories":[2],"tags":[429,292,194,430],"class_list":["post-1714","post","type-post","status-publish","format-standard","hentry","category-news","tag-belgium","tag-development","tag-human-rights","tag-rdc"],"jetpack_featured_media_url":"","jetpack_sharing_enabled":true,"_links":{"self":[{"href":"https:\/\/francophone.port.ac.uk\/index.php?rest_route=\/wp\/v2\/posts\/1714","targetHints":{"allow":["GET"]}}],"collection":[{"href":"https:\/\/francophone.port.ac.uk\/index.php?rest_route=\/wp\/v2\/posts"}],"about":[{"href":"https:\/\/francophone.port.ac.uk\/index.php?rest_route=\/wp\/v2\/types\/post"}],"author":[{"embeddable":true,"href":"https:\/\/francophone.port.ac.uk\/index.php?rest_route=\/wp\/v2\/users\/9"}],"replies":[{"embeddable":true,"href":"https:\/\/francophone.port.ac.uk\/index.php?rest_route=%2Fwp%2Fv2%2Fcomments&post=1714"}],"version-history":[{"count":1,"href":"https:\/\/francophone.port.ac.uk\/index.php?rest_route=\/wp\/v2\/posts\/1714\/revisions"}],"predecessor-version":[{"id":1715,"href":"https:\/\/francophone.port.ac.uk\/index.php?rest_route=\/wp\/v2\/posts\/1714\/revisions\/1715"}],"wp:attachment":[{"href":"https:\/\/francophone.port.ac.uk\/index.php?rest_route=%2Fwp%2Fv2%2Fmedia&parent=1714"}],"wp:term":[{"taxonomy":"category","embeddable":true,"href":"https:\/\/francophone.port.ac.uk\/index.php?rest_route=%2Fwp%2Fv2%2Fcategories&post=1714"},{"taxonomy":"post_tag","embeddable":true,"href":"https:\/\/francophone.port.ac.uk\/index.php?rest_route=%2Fwp%2Fv2%2Ftags&post=1714"}],"curies":[{"name":"wp","href":"https:\/\/api.w.org\/{rel}","templated":true}]}}