{"id":1756,"date":"2018-01-31T15:55:29","date_gmt":"2018-01-31T15:55:29","guid":{"rendered":"http:\/\/francophone.port.ac.uk\/?p=1756"},"modified":"2018-01-31T15:55:29","modified_gmt":"2018-01-31T15:55:29","slug":"francophonie-in-turbulent-times-2","status":"publish","type":"post","link":"https:\/\/francophone.port.ac.uk\/?p=1756","title":{"rendered":"&#8216;Francophonie&#8217; in turbulent times 2"},"content":{"rendered":"<p><b class=\"gmail_sendername\">Edouard Bustin:\u00a0<\/b>Mabanckou&#8217;s &#8220;open letter&#8221; continues to attract more debate.<\/p>\n<p><strong>Read more on the subject<\/strong><\/p>\n<p><strong><a href=\"http:\/\/francophone.port.ac.uk\/?p=1730\"> &#8216;Francophonie&#8217; in turbulent times<\/a><\/strong><\/p>\n<h4 class=\"full\"><a href=\"https:\/\/bibliobs.nouvelobs.com\/actualites\/20180115.OBS0631\/francophonie-langue-francaise-lettre-ouverte-a-emmanuel-macron.html\">Francophonie, langue fran\u00e7aise\u00a0: lettre ouverte \u00e0 Emmanuel Macron<\/a><\/h4>\n<p>Le pr\u00e9sident de la R\u00e9publique a propos\u00e9 \u00e0 Alain Mabanckou de contribuer aux &#8220;travaux de r\u00e9flexion&#8221; qu\u2019il souhaite &#8220;engager autour de la langue fran\u00e7aise et de la Francophonie&#8221;. L\u2019auteur de &#8220;Verre cass\u00e9&#8221; lui r\u00e9pond.<\/p>\n<h4 class=\"content-headline\" data-gtm=\"titre_article\"><a href=\"http:\/\/www.lemonde.fr\/afrique\/article\/2018\/01\/25\/emmanuel-macron-a-t-il-vraiment-un-projet-francophone_5247163_3212.html\">\u00ab\u00a0Emmanuel Macron a-t-il vraiment un projet francophone\u00a0?\u00a0\u00bb<\/a><\/h4>\n<p class=\"txt3 description-article\">Notre chroniqueur appelle \u00e0 l\u2019abandon de la hi\u00e9rarchie artificielle entre \u00ab\u00a0cr\u00e9ateurs fran\u00e7ais de premier rang\u00a0\u00bb et \u00ab\u00a0suppl\u00e9tifs francophones\u00a0\u00bb.<\/p>\n<h4 class=\"content-headline\" data-gtm=\"titre_article\"><a href=\"http:\/\/www.lemonde.fr\/afrique\/article\/2018\/01\/30\/monsieur-mabanckou-vous-detournez-l-objet-de-la-francophonie-pour-un-combat-personnel_5249397_3212.html\">\u00ab\u00a0Monsieur Mabanckou, vous d\u00e9tournez l\u2019objet de la francophonie pour un combat personnel\u00a0\u00bb<\/a><\/h4>\n<p class=\"txt3 description-article\">Le doctorant Bertrand Ollivier d\u00e9plore le refus de l\u2019\u00e9crivain de participer aux travaux sur la langue fran\u00e7aise au pr\u00e9texte de se d\u00e9solidariser de la politique fran\u00e7aise.<\/p>\n<p>&nbsp;<\/p>\n<p>&nbsp;<\/p>\n","protected":false},"excerpt":{"rendered":"<p>Edouard Bustin:\u00a0Mabanckou&#8217;s &#8220;open letter&#8221; continues to attract more debate. Read more on the subject &#8216;Francophonie&#8217; in turbulent times Francophonie, langue fran\u00e7aise\u00a0: lettre ouverte \u00e0 Emmanuel Macron Le pr\u00e9sident de la R\u00e9publique a propos\u00e9 \u00e0 Alain Mabanckou de contribuer aux &#8220;travaux &hellip; <a href=\"https:\/\/francophone.port.ac.uk\/?p=1756\">Continue reading <span class=\"meta-nav\">&rarr;<\/span><\/a><\/p>\n","protected":false},"author":9,"featured_media":0,"comment_status":"open","ping_status":"open","sticky":false,"template":"","format":"standard","meta":{"jetpack_post_was_ever_published":false,"_jetpack_newsletter_access":"","_jetpack_dont_email_post_to_subs":false,"_jetpack_newsletter_tier_id":0,"_jetpack_memberships_contains_paywalled_content":false,"_jetpack_memberships_contains_paid_content":false,"footnotes":""},"categories":[3],"tags":[326,227],"class_list":["post-1756","post","type-post","status-publish","format-standard","hentry","category-blogs","tag-debate","tag-francophonie"],"jetpack_featured_media_url":"","jetpack_sharing_enabled":true,"_links":{"self":[{"href":"https:\/\/francophone.port.ac.uk\/index.php?rest_route=\/wp\/v2\/posts\/1756","targetHints":{"allow":["GET"]}}],"collection":[{"href":"https:\/\/francophone.port.ac.uk\/index.php?rest_route=\/wp\/v2\/posts"}],"about":[{"href":"https:\/\/francophone.port.ac.uk\/index.php?rest_route=\/wp\/v2\/types\/post"}],"author":[{"embeddable":true,"href":"https:\/\/francophone.port.ac.uk\/index.php?rest_route=\/wp\/v2\/users\/9"}],"replies":[{"embeddable":true,"href":"https:\/\/francophone.port.ac.uk\/index.php?rest_route=%2Fwp%2Fv2%2Fcomments&post=1756"}],"version-history":[{"count":2,"href":"https:\/\/francophone.port.ac.uk\/index.php?rest_route=\/wp\/v2\/posts\/1756\/revisions"}],"predecessor-version":[{"id":1758,"href":"https:\/\/francophone.port.ac.uk\/index.php?rest_route=\/wp\/v2\/posts\/1756\/revisions\/1758"}],"wp:attachment":[{"href":"https:\/\/francophone.port.ac.uk\/index.php?rest_route=%2Fwp%2Fv2%2Fmedia&parent=1756"}],"wp:term":[{"taxonomy":"category","embeddable":true,"href":"https:\/\/francophone.port.ac.uk\/index.php?rest_route=%2Fwp%2Fv2%2Fcategories&post=1756"},{"taxonomy":"post_tag","embeddable":true,"href":"https:\/\/francophone.port.ac.uk\/index.php?rest_route=%2Fwp%2Fv2%2Ftags&post=1756"}],"curies":[{"name":"wp","href":"https:\/\/api.w.org\/{rel}","templated":true}]}}