{"id":1759,"date":"2018-02-05T10:00:40","date_gmt":"2018-02-05T10:00:40","guid":{"rendered":"http:\/\/francophone.port.ac.uk\/?p=1759"},"modified":"2018-02-05T10:00:40","modified_gmt":"2018-02-05T10:00:40","slug":"francophonie-in-turbulent-times-3","status":"publish","type":"post","link":"https:\/\/francophone.port.ac.uk\/?p=1759","title":{"rendered":"\u2018Francophonie\u2019 in turbulent times 3"},"content":{"rendered":"<p class=\"content-headline\" data-gtm=\"titre_article\"><strong>V\u00e9ronique Tadjo : \u00ab\u00a0Il est grand temps d\u2019inscrire la litt\u00e9rature du Sud dans l\u2019imaginaire francophone occidental\u00a0\u00bb<\/strong><\/p>\n<p class=\"txt3 description-article\">Dans une tribune au \u00ab<a href=\"http:\/\/www.lemonde.fr\/afrique\/article\/2018\/01\/26\/il-est-grand-temps-d-inscrire-la-litterature-du-sud-dans-l-imaginaire-francophone-occidental_5247846_3212.html\">\u00a0Monde<\/a>\u00a0\u00bb, l\u2019\u00e9crivaine r\u00e9agit \u00e0 la publication de la lettre ouverte de l\u2019\u00e9crivain Alain Mabanckou \u00e0 Emmanuel Macron sur la langue fran\u00e7aise.<\/p>\n<p><strong>Tribune.<\/strong>\u00a0Pour ceux qui parlent le fran\u00e7ais en\u00a0Afrique, la question de la francophonie restera pendant encore longtemps primordiale. De nos jours, les Africains repr\u00e9sentent \u00e0 peu pr\u00e8s la moiti\u00e9 du nombre total des francophones dans\u00a0le monde, un chiffre qui ne cessera d\u2019augmenter dans les d\u00e9cennies \u00e0\u00a0venir\u00a0du fait de l\u2019\u00e9norme croissance d\u00e9mographique du continent. Dans ce sens-l\u00e0,\u00a0<a href=\"https:\/\/bibliobs.nouvelobs.com\/actualites\/20180115.OBS0631\/francophonie-langue-francaise-lettre-ouverte-a-emmanuel-macron.html\">la lettre ouverte au pr\u00e9sident Macron du c\u00e9l\u00e8bre \u00e9crivain franco-congolais Alain Mabanckou publi\u00e9e sur le site de L\u2019Obs le 15\u00a0janvier<\/a>\u00a0a le m\u00e9rite de\u00a0dynamiser\u00a0le d\u00e9bat.<\/p>\n<p><strong><a href=\"http:\/\/www.lemonde.fr\/afrique\/article\/2018\/01\/26\/il-est-grand-temps-d-inscrire-la-litterature-du-sud-dans-l-imaginaire-francophone-occidental_5247846_3212.html\">Read More<\/a><\/strong><\/p>\n<p>Article originally published on <a href=\"http:\/\/www.lemonde.fr\/afrique\/article\/2018\/01\/26\/il-est-grand-temps-d-inscrire-la-litterature-du-sud-dans-l-imaginaire-francophone-occidental_5247846_3212.html\">Le Monde<\/a>.<\/p>\n","protected":false},"excerpt":{"rendered":"<p>V\u00e9ronique Tadjo : \u00ab\u00a0Il est grand temps d\u2019inscrire la litt\u00e9rature du Sud dans l\u2019imaginaire francophone occidental\u00a0\u00bb Dans une tribune au \u00ab\u00a0Monde\u00a0\u00bb, l\u2019\u00e9crivaine r\u00e9agit \u00e0 la publication de la lettre ouverte de l\u2019\u00e9crivain Alain Mabanckou \u00e0 Emmanuel Macron sur la langue &hellip; <a href=\"https:\/\/francophone.port.ac.uk\/?p=1759\">Continue reading <span class=\"meta-nav\">&rarr;<\/span><\/a><\/p>\n","protected":false},"author":9,"featured_media":0,"comment_status":"open","ping_status":"open","sticky":false,"template":"","format":"standard","meta":{"jetpack_post_was_ever_published":false,"_jetpack_newsletter_access":"","_jetpack_dont_email_post_to_subs":false,"_jetpack_newsletter_tier_id":0,"_jetpack_memberships_contains_paywalled_content":false,"_jetpack_memberships_contains_paid_content":false,"footnotes":""},"categories":[3],"tags":[227],"class_list":["post-1759","post","type-post","status-publish","format-standard","hentry","category-blogs","tag-francophonie"],"jetpack_featured_media_url":"","jetpack_sharing_enabled":true,"_links":{"self":[{"href":"https:\/\/francophone.port.ac.uk\/index.php?rest_route=\/wp\/v2\/posts\/1759","targetHints":{"allow":["GET"]}}],"collection":[{"href":"https:\/\/francophone.port.ac.uk\/index.php?rest_route=\/wp\/v2\/posts"}],"about":[{"href":"https:\/\/francophone.port.ac.uk\/index.php?rest_route=\/wp\/v2\/types\/post"}],"author":[{"embeddable":true,"href":"https:\/\/francophone.port.ac.uk\/index.php?rest_route=\/wp\/v2\/users\/9"}],"replies":[{"embeddable":true,"href":"https:\/\/francophone.port.ac.uk\/index.php?rest_route=%2Fwp%2Fv2%2Fcomments&post=1759"}],"version-history":[{"count":1,"href":"https:\/\/francophone.port.ac.uk\/index.php?rest_route=\/wp\/v2\/posts\/1759\/revisions"}],"predecessor-version":[{"id":1760,"href":"https:\/\/francophone.port.ac.uk\/index.php?rest_route=\/wp\/v2\/posts\/1759\/revisions\/1760"}],"wp:attachment":[{"href":"https:\/\/francophone.port.ac.uk\/index.php?rest_route=%2Fwp%2Fv2%2Fmedia&parent=1759"}],"wp:term":[{"taxonomy":"category","embeddable":true,"href":"https:\/\/francophone.port.ac.uk\/index.php?rest_route=%2Fwp%2Fv2%2Fcategories&post=1759"},{"taxonomy":"post_tag","embeddable":true,"href":"https:\/\/francophone.port.ac.uk\/index.php?rest_route=%2Fwp%2Fv2%2Ftags&post=1759"}],"curies":[{"name":"wp","href":"https:\/\/api.w.org\/{rel}","templated":true}]}}