{"id":1768,"date":"2018-02-08T12:36:04","date_gmt":"2018-02-08T12:36:04","guid":{"rendered":"http:\/\/francophone.port.ac.uk\/?p=1768"},"modified":"2018-02-08T12:38:56","modified_gmt":"2018-02-08T12:38:56","slug":"emmanuel-macron-saura-t-il-eviter-le-piege-de-lunilateralisme-en-afrique","status":"publish","type":"post","link":"https:\/\/francophone.port.ac.uk\/?p=1768","title":{"rendered":"\u00ab Emmanuel Macron saura-t-il \u00e9viter le pi\u00e8ge de l\u2019unilat\u00e9ralisme en Afrique ? \u00bb"},"content":{"rendered":"<p>En critiquant sur le sol africain, qui plus est devant les parlementaires d\u2019un pays voisin (la\u00a0Tunisie), l\u2019intervention de l\u2019OTAN\u00a0en\u00a0Libye\u00a0en\u00a02011, le pr\u00e9sident fran\u00e7ais, Emmanuel Macron, a accompli, jeudi 1er\u00a0f\u00e9vrier, un geste diplomatique fort. Mais pourra-t-il vraiment\u00a0\u00e9chapper\u00a0\u00e0 ce qui ressemble \u00e0 une forme de fatalit\u00e9 pour la\u00a0France\u00a0en\u00a0Afrique\u00a0: l\u2019unilat\u00e9ralisme, m\u00eame contre son gr\u00e9\u00a0?<\/p>\n<p><strong><a href=\"http:\/\/www.lemonde.fr\/afrique\/article\/2018\/02\/06\/emmanuel-macron-saura-t-il-eviter-le-piege-de-l-unilateralisme-en-afrique_5252569_3212.html\">Read more.<\/a><\/strong><\/p>\n<p>Article originally published on <a href=\"http:\/\/www.lemonde.fr\/afrique\/article\/2018\/02\/06\/emmanuel-macron-saura-t-il-eviter-le-piege-de-l-unilateralisme-en-afrique_5252569_3212.html\">Le Monde.<\/a><\/p>\n","protected":false},"excerpt":{"rendered":"<p>En critiquant sur le sol africain, qui plus est devant les parlementaires d\u2019un pays voisin (la\u00a0Tunisie), l\u2019intervention de l\u2019OTAN\u00a0en\u00a0Libye\u00a0en\u00a02011, le pr\u00e9sident fran\u00e7ais, Emmanuel Macron, a accompli, jeudi 1er\u00a0f\u00e9vrier, un geste diplomatique fort. Mais pourra-t-il vraiment\u00a0\u00e9chapper\u00a0\u00e0 ce qui ressemble \u00e0 une &hellip; <a href=\"https:\/\/francophone.port.ac.uk\/?p=1768\">Continue reading <span class=\"meta-nav\">&rarr;<\/span><\/a><\/p>\n","protected":false},"author":9,"featured_media":0,"comment_status":"open","ping_status":"open","sticky":false,"template":"","format":"standard","meta":{"jetpack_post_was_ever_published":false,"_jetpack_newsletter_access":"","_jetpack_dont_email_post_to_subs":false,"_jetpack_newsletter_tier_id":0,"_jetpack_memberships_contains_paywalled_content":false,"_jetpack_memberships_contains_paid_content":false,"footnotes":""},"categories":[3],"tags":[58,173,410,252,454],"class_list":["post-1768","post","type-post","status-publish","format-standard","hentry","category-blogs","tag-africa","tag-counterinsurgency","tag-diplomacy","tag-france","tag-military-intervention"],"jetpack_featured_media_url":"","jetpack_sharing_enabled":true,"_links":{"self":[{"href":"https:\/\/francophone.port.ac.uk\/index.php?rest_route=\/wp\/v2\/posts\/1768","targetHints":{"allow":["GET"]}}],"collection":[{"href":"https:\/\/francophone.port.ac.uk\/index.php?rest_route=\/wp\/v2\/posts"}],"about":[{"href":"https:\/\/francophone.port.ac.uk\/index.php?rest_route=\/wp\/v2\/types\/post"}],"author":[{"embeddable":true,"href":"https:\/\/francophone.port.ac.uk\/index.php?rest_route=\/wp\/v2\/users\/9"}],"replies":[{"embeddable":true,"href":"https:\/\/francophone.port.ac.uk\/index.php?rest_route=%2Fwp%2Fv2%2Fcomments&post=1768"}],"version-history":[{"count":2,"href":"https:\/\/francophone.port.ac.uk\/index.php?rest_route=\/wp\/v2\/posts\/1768\/revisions"}],"predecessor-version":[{"id":1770,"href":"https:\/\/francophone.port.ac.uk\/index.php?rest_route=\/wp\/v2\/posts\/1768\/revisions\/1770"}],"wp:attachment":[{"href":"https:\/\/francophone.port.ac.uk\/index.php?rest_route=%2Fwp%2Fv2%2Fmedia&parent=1768"}],"wp:term":[{"taxonomy":"category","embeddable":true,"href":"https:\/\/francophone.port.ac.uk\/index.php?rest_route=%2Fwp%2Fv2%2Fcategories&post=1768"},{"taxonomy":"post_tag","embeddable":true,"href":"https:\/\/francophone.port.ac.uk\/index.php?rest_route=%2Fwp%2Fv2%2Ftags&post=1768"}],"curies":[{"name":"wp","href":"https:\/\/api.w.org\/{rel}","templated":true}]}}