{"id":1771,"date":"2018-02-09T16:06:42","date_gmt":"2018-02-09T16:06:42","guid":{"rendered":"http:\/\/francophone.port.ac.uk\/?p=1771"},"modified":"2018-02-09T16:06:42","modified_gmt":"2018-02-09T16:06:42","slug":"berlin-va-indemniser-les-juifs-dalgerie-victimes-de-mesures-antisemites","status":"publish","type":"post","link":"https:\/\/francophone.port.ac.uk\/?p=1771","title":{"rendered":"Berlin va indemniser les juifs d\u2019Alg\u00e9rie victimes de mesures antis\u00e9mites"},"content":{"rendered":"<p>L\u2019Allemagne va verser pour la premi\u00e8re fois des indemnit\u00e9s \u00e0 des juifs originaires d\u2019Alg\u00e9rie victimes de mesures antis\u00e9mites de la France de Vichy, alli\u00e9e du r\u00e9gime nazi durant la Seconde Guerre mondiale. Des n\u00e9gociations \u00e9taient en cours depuis ao\u00fbt dernier, selon\u00a0<a href=\"https:\/\/fr.timesofisrael.com\/lallemagne-indemnisera-25-000-juifs-dalgerie-survivants-de-la-shoah\/\" target=\"_blank\" rel=\"noopener\">The Times of Isra\u00ebl.<\/a><\/p>\n<p><strong><a href=\"http:\/\/www.leparisien.fr\/societe\/berlin-va-indemniser-les-juifs-d-algerie-victimes-de-mesures-antisemites-05-02-2018-7543215.php\">Read more.<\/a><\/strong><\/p>\n<p>Article originally published on <a href=\"http:\/\/www.leparisien.fr\/societe\/berlin-va-indemniser-les-juifs-d-algerie-victimes-de-mesures-antisemites-05-02-2018-7543215.php\">Le Parisien<\/a><\/p>\n","protected":false},"excerpt":{"rendered":"<p>L\u2019Allemagne va verser pour la premi\u00e8re fois des indemnit\u00e9s \u00e0 des juifs originaires d\u2019Alg\u00e9rie victimes de mesures antis\u00e9mites de la France de Vichy, alli\u00e9e du r\u00e9gime nazi durant la Seconde Guerre mondiale. Des n\u00e9gociations \u00e9taient en cours depuis ao\u00fbt dernier, &hellip; <a href=\"https:\/\/francophone.port.ac.uk\/?p=1771\">Continue reading <span class=\"meta-nav\">&rarr;<\/span><\/a><\/p>\n","protected":false},"author":9,"featured_media":0,"comment_status":"open","ping_status":"open","sticky":false,"template":"","format":"standard","meta":{"jetpack_post_was_ever_published":false,"_jetpack_newsletter_access":"","_jetpack_dont_email_post_to_subs":false,"_jetpack_newsletter_tier_id":0,"_jetpack_memberships_contains_paywalled_content":false,"_jetpack_memberships_contains_paid_content":false,"footnotes":""},"categories":[3],"tags":[27,455,456,70],"class_list":["post-1771","post","type-post","status-publish","format-standard","hentry","category-blogs","tag-algeria","tag-anti-semitism","tag-compensation","tag-germany"],"jetpack_featured_media_url":"","jetpack_sharing_enabled":true,"_links":{"self":[{"href":"https:\/\/francophone.port.ac.uk\/index.php?rest_route=\/wp\/v2\/posts\/1771","targetHints":{"allow":["GET"]}}],"collection":[{"href":"https:\/\/francophone.port.ac.uk\/index.php?rest_route=\/wp\/v2\/posts"}],"about":[{"href":"https:\/\/francophone.port.ac.uk\/index.php?rest_route=\/wp\/v2\/types\/post"}],"author":[{"embeddable":true,"href":"https:\/\/francophone.port.ac.uk\/index.php?rest_route=\/wp\/v2\/users\/9"}],"replies":[{"embeddable":true,"href":"https:\/\/francophone.port.ac.uk\/index.php?rest_route=%2Fwp%2Fv2%2Fcomments&post=1771"}],"version-history":[{"count":1,"href":"https:\/\/francophone.port.ac.uk\/index.php?rest_route=\/wp\/v2\/posts\/1771\/revisions"}],"predecessor-version":[{"id":1772,"href":"https:\/\/francophone.port.ac.uk\/index.php?rest_route=\/wp\/v2\/posts\/1771\/revisions\/1772"}],"wp:attachment":[{"href":"https:\/\/francophone.port.ac.uk\/index.php?rest_route=%2Fwp%2Fv2%2Fmedia&parent=1771"}],"wp:term":[{"taxonomy":"category","embeddable":true,"href":"https:\/\/francophone.port.ac.uk\/index.php?rest_route=%2Fwp%2Fv2%2Fcategories&post=1771"},{"taxonomy":"post_tag","embeddable":true,"href":"https:\/\/francophone.port.ac.uk\/index.php?rest_route=%2Fwp%2Fv2%2Ftags&post=1771"}],"curies":[{"name":"wp","href":"https:\/\/api.w.org\/{rel}","templated":true}]}}