{"id":1773,"date":"2018-02-12T09:34:09","date_gmt":"2018-02-12T09:34:09","guid":{"rendered":"http:\/\/francophone.port.ac.uk\/?p=1773"},"modified":"2018-02-12T09:34:09","modified_gmt":"2018-02-12T09:34:09","slug":"cfp-la-france-en-guerre-dans-le-second-xxe-siecle-representations-et-memoires-contemporaines-2000-2017","status":"publish","type":"post","link":"https:\/\/francophone.port.ac.uk\/?p=1773","title":{"rendered":"CFP: La France en guerre dans le second XXe si\u00e8cle. Repr\u00e9sentations et m\u00e9moires contemporaines, 2000-2017"},"content":{"rendered":"<div class=\"page\" title=\"Page 1\">\n<div class=\"layoutArea\">\n<h2 class=\"column\" style=\"text-align: center;\">Appel \u00e0 contribution<br \/>\nJourn\u00e9e d\u2019\u00e9tude \u2013 Sorbonne, 19 octobre 2018<\/h2>\n<p>En 2017, \u00e0 respectivement 70 ans de la Seconde Guerre mondiale et 50 ans de la guerre\u00a0d\u2019ind\u00e9pendance alg\u00e9rienne, on peut \u00eatre surpris par l\u2019effervescence m\u00e9morielle qui, en ce d\u00e9but du XXI<sup>e<\/sup>\u00a0si\u00e8cle, rend pr\u00e9sents, de fa\u00e7on in\u00e9gale selon les conflits \u2013 trop de m\u00e9moire ici, pas assez l\u00e0 \u2013, ces \u00e9v\u00e9nements. L\u2019h\u00e9ritage de ces pass\u00e9s, loin de concerner seulement l\u2019histoire militaire, t\u00e9moigne de l\u2019\u00e9volution du regard \u00e0 la fois historiographique et soci\u00e9tal sur ces conflits,\u00a0appr\u00e9hend\u00e9s par ailleurs de fa\u00e7on de plus en plus diff\u00e9rentielle selon les g\u00e9n\u00e9rations impliqu\u00e9es.<\/p>\n<p>Le 18 juin 1960, le g\u00e9n\u00e9ral de Gaulle inaugure le M\u00e9morial de la France combattante au\u00a0mont Val\u00e9rien, le 25 janvier 2005 le M\u00e9morial de la Shoah est inaugur\u00e9 \u00e0 Paris par le pr\u00e9sident\u00a0Jacques Chirac tandis que le 16 octobre 2015, le premier ministre Manuel Valls inaugure le\u00a0M\u00e9morial du camp de Rivesaltes. Entre ces dates, la perception et la m\u00e9morialisation de la\u00a0Seconde Guerre mondiale connaissent une \u00e9volution marquante : \u00e0 la c\u00e9l\u00e9bration de la m\u00e9moire\u00a0de la r\u00e9sistance succ\u00e8de celle de la m\u00e9moire de la d\u00e9portation au prisme d\u2019un \u00ab devoir de m\u00e9moire \u00bb centr\u00e9 sur l\u2019extermination des Juifs d\u2019Europe tandis que, plus r\u00e9cemment, la crise des m\u00e9moires nationales h\u00e9ro\u00efques g\u00e9n\u00e8re une m\u00e9moire plurielle du second conflit mondial. De son\u00a0c\u00f4t\u00e9, la guerre d\u2019ind\u00e9pendance alg\u00e9rienne, qui fut longtemps une \u00ab non guerre \u00bb, reste encore \u00e0\u00a0la marge des politiques m\u00e9morielles qui tardent \u00e0 lui assurer un r\u00e9gime de comm\u00e9moration.\u00a0Contrairement aux m\u00e9moires plurielles mais d\u00e9sormais consensuelles de la Seconde Guerre\u00a0mondiale \u2013 de la Premi\u00e8re d\u2019ailleurs aussi \u2013, cette m\u00e9moire encore fortement conflictuelle illustre\u00a0la difficult\u00e9 qu\u2019a la soci\u00e9t\u00e9 fran\u00e7aise, dans un contexte postcolonial, \u00e0 accepter la pluralit\u00e9 des\u00a0exp\u00e9riences guerri\u00e8res.<\/p>\n<p>Dans cette configuration, la journ\u00e9e d\u2019\u00e9tude invite \u00e0 interroger les repr\u00e9sentations \u2013\u00a0symboliques, politiques, architecturales, artistiques\u2026 \u2013 que ces conflits pass\u00e9s nourrissent depuis\u00a0le d\u00e9but du XXI<sup>e<\/sup>\u00a0si\u00e8cle et \u00e0 mettre en \u00e9vidence des dynamiques m\u00e9morielles qui investissent\u00a0l\u2019espace public.<\/p>\n<p>La manifestation pr\u00e9vue pour l\u2019automne 2018 se place r\u00e9solument dans le temps de la\u00a0m\u00e9moire r\u00e9cente, \u00e0 compter de l\u2019an 2000.<\/p>\n<div class=\"page\" title=\"Page 2\">\n<div class=\"layoutArea\">\n<div class=\"column\">\n<h3>Objets d\u2019\u00e9tude de la journ\u00e9e<\/h3>\n<\/div>\n<\/div>\n<\/div>\n<p>Un premier objet d\u2019\u00e9tude portera sur les m\u00e9moriaux r\u00e9cemment ouverts en tant que\u00a0\u00ab hauts-lieux de m\u00e9moire fran\u00e7aise \u00bb. Quelles sont les sp\u00e9cificit\u00e9s de ces diff\u00e9rents m\u00e9moriaux sur\u00a0les conflits du second XX<sup>e<\/sup>\u00a0si\u00e8cle impliquant la France ? Dans quelle mesure la gen\u00e8se et la\u00a0r\u00e9alisation du m\u00e9morial traduisent-elles un consensus ou au contraire une vision encore\u00a0conflictuelle autour de la m\u00e9moire de l\u2019\u00e9v\u00e9nement ? Cet axe s\u2019int\u00e9ressera \u00e9galement aux\u00a0<strong>appropriations des m\u00e9moriaux<\/strong>, \u00e0 leurs usages \u00ab vernaculaires \u00bb et, cons\u00e9cutivement aux\u00a0m\u00e9moires, notamment envisag\u00e9es \u00e0 partir d\u2019une perspective \u00ab vue d\u2019en bas \u00bb.<\/p>\n<p>Un second objectif de la manifestation sera de proposer une r\u00e9flexion sur la\/les mani\u00e8re(s)\u00a0dont ces conflits \u2013 selon des dur\u00e9es, des modalit\u00e9s et des enjeux qui leur sont propres \u2013\u00a0marquent les\u00a0<strong>cr\u00e9ations plastiques<\/strong>\u00a0contemporaines, mais aussi sur la\/les mani\u00e8res dont les\u00a0cr\u00e9ations contemporaines sont des marqueurs de la m\u00e9moire. Dans quelle mesure la m\u00e9moire\u00a0des conflits retenus se trouve-t-elle \u2013 en ce d\u00e9but du XXI<sup>e<\/sup>\u00a0si\u00e8cle \u2013 dans le travail d\u2019artistes\u00a0contemporains ? Plus fondamentalement, comment aborder aujourd\u2019hui, en tant qu\u2019artiste, la\u00a0question de la repr\u00e9sentation de la m\u00e9moire de la guerre et des guerres du second XX<sup>e<\/sup>\u00a0?<\/p>\n<p>Un troisi\u00e8me axe de la manifestation s\u2019int\u00e9ressera au temps politique des repr\u00e9sentations\u00a0telles qu\u2019elles ressortent des\u00a0<strong>prises de parole politiques<\/strong>\u00a0lors des inaugurations et des\u00a0c\u00e9r\u00e9monies comm\u00e9moratives. Quelles lectures peuvent en \u00eatre faites ? En quoi le temps court du\u00a0politique int\u00e8gre-t-il dans le tr\u00e8s contemporain, autant qu\u2019il peut l\u2019instrumentaliser, la m\u00e9moire\u00a0des guerres d\u2019hier \u2013 mais aussi de la guerre en g\u00e9n\u00e9ral ?<\/p>\n<h3>Axes de r\u00e9flexion de la journ\u00e9e d\u2019\u00e9tude<\/h3>\n<p><strong>I) M\u00e9moriaux de guerre comme lieux de m\u00e9moire<\/strong><br \/>\n\u2013 Comment se pense la repr\u00e9sentation de la guerre (pass\u00e9e) au temps pr\u00e9sent ?<br \/>\n\u2013 Quelle est la strat\u00e9gie m\u00e9morielle adopt\u00e9e ?<br \/>\n\u2013 Dans quelle mesure les m\u00e9moriaux r\u00e9cemment ouverts adoptent-ils une forme\/enveloppe particuli\u00e8re (architecturale, sc\u00e9nographique, didactique\u2026) qui contribue \u00e0 ce qu\u2019ils soient\u00a0porteurs de nouvelles repr\u00e9sentations de la m\u00e9moire ?<\/p>\n<p><strong>II) M\u00e9moire des guerres et productions plastiques contemporaines<\/strong><br \/>\n(2000-2017)<br \/>\n\u2013 Dans quelle mesure la m\u00e9moire des conflits du second XX<sup>e<\/sup>\u00a0si\u00e8cle inspire-t-elle depuis l\u2019an\u00a02000 le travail d\u2019artistes ? En quoi le travail plastique de ces artistes s\u2019inscrit-il dans des cycles\u00a0de m\u00e9moire ?<br \/>\n\u2013 En quoi les \u0153uvres d\u2019art contribuent-elles elles-m\u00eames \u00e0 faire \u00e9voluer les repr\u00e9sentations du champ m\u00e9moriel des conflits du second XX<sup>e<\/sup>\u00a0si\u00e8cle ?<br \/>\n\u2013 Comment la cr\u00e9ation artistique contemporaine aborde-t-elle la question de la repr\u00e9sentation\u00a0de la m\u00e9moire de la guerre ?<\/p>\n<p><strong>III) Guerres d\u2019hier, inaugurations d\u2019aujourd\u2019hui<\/strong><br \/>\n\u2013 Quelles lectures des repr\u00e9sentations des guerres d\u2019hier mais aussi de la guerre en g\u00e9n\u00e9ral\u00a0peuvent \u00eatre faites \u00e0 partir des discours d\u2019inauguration des m\u00e9moriaux ou des discours\u00a0prononc\u00e9s lors de comm\u00e9morations ? Quel est le degr\u00e9 d\u2019int\u00e9gration de la recherche\u00a0historique ?<br \/>\n\u2013 En quoi les discours d\u2019inauguration font-ils \u00e9v\u00e9nement : acteurs, destinataires, \u00e9chelles\u00a0(locale, nationale, europ\u00e9enne) ?<br \/>\n\u2013 En quoi la diversit\u00e9 des publics et les attentes sociales influencent-elles le discours produit ?<\/p>\n<\/div>\n<\/div>\n<div class=\"page\" title=\"Page 1\">\n<div class=\"layoutArea\">\n<h3>Fonctionnement de la journ\u00e9e d\u2019\u00e9tude<\/h3>\n<p>La manifestation aura lieu en Sorbonne. Pour les participants, les frais de d\u00e9placement et\u00a0d\u2019h\u00e9bergement seront pris en charge en tout ou partie. Les panels se d\u00e9rouleront en deux\u00a0parties : les th\u00e9matiques seront d\u2019abord abord\u00e9es par des acteurs du champ, invit\u00e9s (directeurs\u00a0de m\u00e9moriaux, architectes, artistes, politiques \u2026), puis dans un deuxi\u00e8me temps par les\u00a0interventions retenues. Les interventions seront de 15 mn.<\/p>\n<h3>Calendrier<\/h3>\n<p><strong>12 mars 2018<\/strong>\u00a0: Date-limite de r\u00e9ception des propositions de communication<br \/>\n<strong>15 avril 2018<\/strong>\u00a0: R\u00e9ponse aux propositions de communication<br \/>\n<strong>19 octobre 2018<\/strong>\u00a0: Journ\u00e9e d\u2019\u00e9tude<\/p>\n<h3>Format des propositions de communication<\/h3>\n<p>Les propositions de communication ne doivent pas exc\u00e9der les 300 mots. Elles comporteront :\u00a0nom et pr\u00e9nom, rattachement institutionnel (si existant), courriel, titre de la communication, court\u00a0CV (2 pages maximum).<br \/>\nContact : memoirescontemporaines@gmail.com<\/p>\n<h3>Comit\u00e9 d\u2019organisation<\/h3>\n<p>Anne Bernou (anne.bernou@orange.fr)<br \/>\nAndrea Brazzoduro, University of Oxford (andrea.brazzoduro@sant.ox.ac.uk)<br \/>\nFabien Th\u00e9ofilakis, Universit\u00e9 de Paris I Panth\u00e9on Sorbonne (fabien.theofilakis@paris1-univ.fr)<\/p>\n<h3>Comit\u00e9 scientifique<\/h3>\n<p>Alya Aglan, Universit\u00e9 de Paris I Panth\u00e9on Sorbonne<br \/>\nAnnette Becker, Universit\u00e9 de Paris Ouest Nanterre La D\u00e9fense<br \/>\nRapha\u00eblle Branche, Universit\u00e9 de Rouen<br \/>\nCorine Defrance, CNRS \u2013 Universit\u00e9 de Paris I Panth\u00e9on Sorbonne<br \/>\nLaurence Bertrand Dorl\u00e9ac, Sciences Po Paris<br \/>\nThierry Dufr\u00eane, Universit\u00e9 de Paris Ouest Nanterre La D\u00e9fense, INHA<br \/>\nRobert Gildea, University of Oxford<br \/>\nItzhak Goldberg, professeur \u00e9m\u00e9rite, Universit\u00e9 Jean Monnet, Saint-\u00c9tienne<br \/>\nFran\u00e7ois-Xavier N\u00e9rard, Universit\u00e9 de Paris I Panth\u00e9on Sorbonne<br \/>\nNatalya Vince, Universit\u00e9 de Portsmouth et EC H2020 Marie-Sklodowska Curie Global Fellow<\/p>\n<p><a href=\"http:\/\/labex-ehne.fr\/wp-content\/uploads\/2017\/11\/Sorbonne-19-octobre-2018-CFP.pdf\">Read More<\/a><\/p>\n<\/div>\n<\/div>\n","protected":false},"excerpt":{"rendered":"<p>Appel \u00e0 contribution Journ\u00e9e d\u2019\u00e9tude \u2013 Sorbonne, 19 octobre 2018 En 2017, \u00e0 respectivement 70 ans de la Seconde Guerre mondiale et 50 ans de la guerre\u00a0d\u2019ind\u00e9pendance alg\u00e9rienne, on peut \u00eatre surpris par l\u2019effervescence m\u00e9morielle qui, en ce d\u00e9but du &hellip; <a href=\"https:\/\/francophone.port.ac.uk\/?p=1773\">Continue reading <span class=\"meta-nav\">&rarr;<\/span><\/a><\/p>\n","protected":false},"author":9,"featured_media":0,"comment_status":"open","ping_status":"open","sticky":false,"template":"","format":"standard","meta":{"jetpack_post_was_ever_published":false,"_jetpack_newsletter_access":"","_jetpack_dont_email_post_to_subs":false,"_jetpack_newsletter_tier_id":0,"_jetpack_memberships_contains_paywalled_content":false,"_jetpack_memberships_contains_paid_content":false,"footnotes":""},"categories":[4],"tags":[252,441,457],"class_list":["post-1773","post","type-post","status-publish","format-standard","hentry","category-cfps-events","tag-france","tag-memory","tag-representation"],"jetpack_featured_media_url":"","jetpack_sharing_enabled":true,"_links":{"self":[{"href":"https:\/\/francophone.port.ac.uk\/index.php?rest_route=\/wp\/v2\/posts\/1773","targetHints":{"allow":["GET"]}}],"collection":[{"href":"https:\/\/francophone.port.ac.uk\/index.php?rest_route=\/wp\/v2\/posts"}],"about":[{"href":"https:\/\/francophone.port.ac.uk\/index.php?rest_route=\/wp\/v2\/types\/post"}],"author":[{"embeddable":true,"href":"https:\/\/francophone.port.ac.uk\/index.php?rest_route=\/wp\/v2\/users\/9"}],"replies":[{"embeddable":true,"href":"https:\/\/francophone.port.ac.uk\/index.php?rest_route=%2Fwp%2Fv2%2Fcomments&post=1773"}],"version-history":[{"count":1,"href":"https:\/\/francophone.port.ac.uk\/index.php?rest_route=\/wp\/v2\/posts\/1773\/revisions"}],"predecessor-version":[{"id":1774,"href":"https:\/\/francophone.port.ac.uk\/index.php?rest_route=\/wp\/v2\/posts\/1773\/revisions\/1774"}],"wp:attachment":[{"href":"https:\/\/francophone.port.ac.uk\/index.php?rest_route=%2Fwp%2Fv2%2Fmedia&parent=1773"}],"wp:term":[{"taxonomy":"category","embeddable":true,"href":"https:\/\/francophone.port.ac.uk\/index.php?rest_route=%2Fwp%2Fv2%2Fcategories&post=1773"},{"taxonomy":"post_tag","embeddable":true,"href":"https:\/\/francophone.port.ac.uk\/index.php?rest_route=%2Fwp%2Fv2%2Ftags&post=1773"}],"curies":[{"name":"wp","href":"https:\/\/api.w.org\/{rel}","templated":true}]}}