{"id":1781,"date":"2018-02-14T17:08:23","date_gmt":"2018-02-14T17:08:23","guid":{"rendered":"http:\/\/francophone.port.ac.uk\/?p=1781"},"modified":"2018-02-14T17:08:24","modified_gmt":"2018-02-14T17:08:24","slug":"francophonie-in-turbulent-times-4","status":"publish","type":"post","link":"https:\/\/francophone.port.ac.uk\/?p=1781","title":{"rendered":"\u2018Francophonie\u2019 in turbulent times 4"},"content":{"rendered":"<p><em>A la veille de la Conf\u00e9rence internationale pour la langue fran\u00e7aise et le plurilinguisme dans le monde, qui se tient \u00e0 Paris les 14 et 15 f\u00e9vrier 2018, Alain Mabanckou et Achille Mbembe mettent en garde le pr\u00e9sident Macron contre le concept de francophonie.<\/em><\/p>\n<p>Le pr\u00e9sident Emmanuel Macron\u00a0est d\u00e9termin\u00e9, semble-t-il, \u00e0 \u00abd\u00e9ringardiser\u00bb la langue fran\u00e7aise et se fixe m\u00eame comme objectif de la catapulter au deuxi\u00e8me rang mondial. C\u2019est certainement une bonne nouvelle, sauf qu\u2019elle est ennuag\u00e9e par un grave diff\u00e9rend, et ce diff\u00e9rend a pour nom \u00abfrancophonie\u00bb. \u00c0 sa d\u00e9charge, Emmanuel Macron ne s\u2019exprime plus dans les termes ant\u00e9diluviens d\u2019On\u00e9sime Reclus, le g\u00e9ographe auquel beaucoup attribuent l\u2019invention de ce mot \u00abfrancophonie\u00bb.<\/p>\n<p><strong><a href=\"https:\/\/bibliobs.nouvelobs.com\/idees\/20180211.OBS2020\/le-francais-notre-bien-commun-par-alain-mabanckou-et-achille-mbembe.html\">Read More.<\/a><\/strong><\/p>\n<p>Article originally published on <strong><a href=\"https:\/\/bibliobs.nouvelobs.com\/idees\/20180211.OBS2020\/le-francais-notre-bien-commun-par-alain-mabanckou-et-achille-mbembe.html\">BIBLIOBS<\/a>.<\/strong><\/p>\n","protected":false},"excerpt":{"rendered":"<p>A la veille de la Conf\u00e9rence internationale pour la langue fran\u00e7aise et le plurilinguisme dans le monde, qui se tient \u00e0 Paris les 14 et 15 f\u00e9vrier 2018, Alain Mabanckou et Achille Mbembe mettent en garde le pr\u00e9sident Macron contre &hellip; <a href=\"https:\/\/francophone.port.ac.uk\/?p=1781\">Continue reading <span class=\"meta-nav\">&rarr;<\/span><\/a><\/p>\n","protected":false},"author":9,"featured_media":0,"comment_status":"open","ping_status":"open","sticky":false,"template":"","format":"standard","meta":{"jetpack_post_was_ever_published":false,"_jetpack_newsletter_access":"","_jetpack_dont_email_post_to_subs":false,"_jetpack_newsletter_tier_id":0,"_jetpack_memberships_contains_paywalled_content":false,"_jetpack_memberships_contains_paid_content":false,"footnotes":""},"categories":[3],"tags":[227],"class_list":["post-1781","post","type-post","status-publish","format-standard","hentry","category-blogs","tag-francophonie"],"jetpack_featured_media_url":"","jetpack_sharing_enabled":true,"_links":{"self":[{"href":"https:\/\/francophone.port.ac.uk\/index.php?rest_route=\/wp\/v2\/posts\/1781","targetHints":{"allow":["GET"]}}],"collection":[{"href":"https:\/\/francophone.port.ac.uk\/index.php?rest_route=\/wp\/v2\/posts"}],"about":[{"href":"https:\/\/francophone.port.ac.uk\/index.php?rest_route=\/wp\/v2\/types\/post"}],"author":[{"embeddable":true,"href":"https:\/\/francophone.port.ac.uk\/index.php?rest_route=\/wp\/v2\/users\/9"}],"replies":[{"embeddable":true,"href":"https:\/\/francophone.port.ac.uk\/index.php?rest_route=%2Fwp%2Fv2%2Fcomments&post=1781"}],"version-history":[{"count":2,"href":"https:\/\/francophone.port.ac.uk\/index.php?rest_route=\/wp\/v2\/posts\/1781\/revisions"}],"predecessor-version":[{"id":1783,"href":"https:\/\/francophone.port.ac.uk\/index.php?rest_route=\/wp\/v2\/posts\/1781\/revisions\/1783"}],"wp:attachment":[{"href":"https:\/\/francophone.port.ac.uk\/index.php?rest_route=%2Fwp%2Fv2%2Fmedia&parent=1781"}],"wp:term":[{"taxonomy":"category","embeddable":true,"href":"https:\/\/francophone.port.ac.uk\/index.php?rest_route=%2Fwp%2Fv2%2Fcategories&post=1781"},{"taxonomy":"post_tag","embeddable":true,"href":"https:\/\/francophone.port.ac.uk\/index.php?rest_route=%2Fwp%2Fv2%2Ftags&post=1781"}],"curies":[{"name":"wp","href":"https:\/\/api.w.org\/{rel}","templated":true}]}}