{"id":1789,"date":"2018-02-17T14:00:53","date_gmt":"2018-02-17T14:00:53","guid":{"rendered":"http:\/\/francophone.port.ac.uk\/?p=1789"},"modified":"2018-02-17T14:00:53","modified_gmt":"2018-02-17T14:00:53","slug":"francophonie-in-turbulent-times-5","status":"publish","type":"post","link":"https:\/\/francophone.port.ac.uk\/?p=1789","title":{"rendered":"\u2018Francophonie\u2019 in turbulent times 5"},"content":{"rendered":"<h3><span style=\"color: #000000;\"><a style=\"color: #000000;\" href=\"http:\/\/www.lepoint.fr\/societe\/francophonie-leila-slimani-le-francais-c-est-cool-14-01-2018-2186404_23.php\">Francophonie &#8211;\u00a0Le\u00efla Slimani\u00a0: \u00ab\u00a0Le fran\u00e7ais, c&#8217;est cool\u00a0\u00bb<\/a><\/span><\/h3>\n<div>\n<p><span style=\"color: #000000;\">VID\u00c9O. La conseill\u00e8re d&#8217;Emmanuel Macron sur la francophonie et Prix Goncourt\u00a02016 souhaite changer le regard des Fran\u00e7ais sur leur langue.<\/span><\/p>\n<\/div>\n<h3><span style=\"color: #000000;\"><a style=\"color: #000000;\" href=\"https:\/\/www.lexpress.fr\/culture\/la-francophonie-vue-par-l-ecrivaine-hemley-boum-le-francais-nous-appartient_1984536.html\">La francophonie vue par l&#8217;\u00e9crivaine Hemley Boum: &#8220;Le Fran\u00e7ais nous appartient&#8221;<\/a><\/span><\/h3>\n<p class=\"chapo title_gamma\"><span style=\"color: #000000;\">A l&#8217;heure o\u00f9 s&#8217;ouvre la Conf\u00e9rence internationale pour la langue fran\u00e7aise \u00e0 Paris, l&#8217;\u00e9crivaine camerounaise Hemley Boum fait la distinction entre Francophonie et appropriation de la langue fran\u00e7aise.<\/span><\/p>\n<h3 class=\"content-headline\" data-gtm=\"titre_article\"><span style=\"color: #000000;\"><a style=\"color: #000000;\" href=\"http:\/\/www.lemonde.fr\/afrique\/article\/2018\/01\/19\/la-classe-africaine-notre-serie-consacree-a-l-education_5243976_3212.html#chXULOBljEmfOPcW.99\">La classe africaine\u00a0: d\u00e9couvrez notre s\u00e9rie consacr\u00e9e \u00e0 l\u2019\u00e9ducation<\/a><\/span><\/h3>\n<p class=\"txt3 description-article\"><span style=\"color: #000000;\">Pendant un mois, \u00ab\u00a0Le Monde Afrique\u00a0\u00bb publie des reportages dans douze pays pour raconter les progr\u00e8s et les besoins de l\u2019enseignement sur le continent.<\/span><\/p>\n<h3 class=\"content-headline\" data-gtm=\"titre_article\"><span style=\"color: #000000;\"><a style=\"color: #000000;\" href=\"http:\/\/www.lemonde.fr\/afrique\/article\/2018\/02\/15\/bamanakan-songhai-tamashek-les-langues-nationales-peinent-a-s-imposer-dans-les-ecoles-maliennes_5257576_3212.html#Of2FcdAPQ1zQvGp8.99\">Bamanakan, songha\u00ef, tamashek&#8230; les langues nationales peinent \u00e0 s\u2019imposer dans les \u00e9coles maliennes<\/a><\/span><\/h3>\n<p class=\"txt3 description-article\"><span style=\"color: #000000;\">La classe africaine (26). L\u2019Etat a fait le choix d\u2019utiliser plusieurs langues dans l\u2019enseignement primaire, mais les partisans du fran\u00e7ais restent nombreux.<\/span><\/p>\n<p>&nbsp;<\/p>\n","protected":false},"excerpt":{"rendered":"<p>Francophonie &#8211;\u00a0Le\u00efla Slimani\u00a0: \u00ab\u00a0Le fran\u00e7ais, c&#8217;est cool\u00a0\u00bb VID\u00c9O. La conseill\u00e8re d&#8217;Emmanuel Macron sur la francophonie et Prix Goncourt\u00a02016 souhaite changer le regard des Fran\u00e7ais sur leur langue. La francophonie vue par l&#8217;\u00e9crivaine Hemley Boum: &#8220;Le Fran\u00e7ais nous appartient&#8221; A l&#8217;heure &hellip; <a href=\"https:\/\/francophone.port.ac.uk\/?p=1789\">Continue reading <span class=\"meta-nav\">&rarr;<\/span><\/a><\/p>\n","protected":false},"author":9,"featured_media":0,"comment_status":"open","ping_status":"open","sticky":false,"template":"","format":"standard","meta":{"jetpack_post_was_ever_published":false,"_jetpack_newsletter_access":"","_jetpack_dont_email_post_to_subs":false,"_jetpack_newsletter_tier_id":0,"_jetpack_memberships_contains_paywalled_content":false,"_jetpack_memberships_contains_paid_content":false,"footnotes":""},"categories":[3],"tags":[447,32,227,463],"class_list":["post-1789","post","type-post","status-publish","format-standard","hentry","category-blogs","tag-education","tag-francophone-africa","tag-francophonie","tag-languages"],"jetpack_featured_media_url":"","jetpack_sharing_enabled":true,"_links":{"self":[{"href":"https:\/\/francophone.port.ac.uk\/index.php?rest_route=\/wp\/v2\/posts\/1789","targetHints":{"allow":["GET"]}}],"collection":[{"href":"https:\/\/francophone.port.ac.uk\/index.php?rest_route=\/wp\/v2\/posts"}],"about":[{"href":"https:\/\/francophone.port.ac.uk\/index.php?rest_route=\/wp\/v2\/types\/post"}],"author":[{"embeddable":true,"href":"https:\/\/francophone.port.ac.uk\/index.php?rest_route=\/wp\/v2\/users\/9"}],"replies":[{"embeddable":true,"href":"https:\/\/francophone.port.ac.uk\/index.php?rest_route=%2Fwp%2Fv2%2Fcomments&post=1789"}],"version-history":[{"count":2,"href":"https:\/\/francophone.port.ac.uk\/index.php?rest_route=\/wp\/v2\/posts\/1789\/revisions"}],"predecessor-version":[{"id":1791,"href":"https:\/\/francophone.port.ac.uk\/index.php?rest_route=\/wp\/v2\/posts\/1789\/revisions\/1791"}],"wp:attachment":[{"href":"https:\/\/francophone.port.ac.uk\/index.php?rest_route=%2Fwp%2Fv2%2Fmedia&parent=1789"}],"wp:term":[{"taxonomy":"category","embeddable":true,"href":"https:\/\/francophone.port.ac.uk\/index.php?rest_route=%2Fwp%2Fv2%2Fcategories&post=1789"},{"taxonomy":"post_tag","embeddable":true,"href":"https:\/\/francophone.port.ac.uk\/index.php?rest_route=%2Fwp%2Fv2%2Ftags&post=1789"}],"curies":[{"name":"wp","href":"https:\/\/api.w.org\/{rel}","templated":true}]}}