{"id":1815,"date":"2018-02-21T20:16:36","date_gmt":"2018-02-21T20:16:36","guid":{"rendered":"http:\/\/francophone.port.ac.uk\/?p=1815"},"modified":"2018-02-21T20:16:36","modified_gmt":"2018-02-21T20:16:36","slug":"la-bataille-de-dakar-23-25-septembre-1940","status":"publish","type":"post","link":"https:\/\/francophone.port.ac.uk\/?p=1815","title":{"rendered":"La bataille de Dakar, 23-25 septembre 1940"},"content":{"rendered":"<p>En 2017, les descendants de Pierre Boisson ont remis en don aux Archives nationales d\u2019outre-mer des papiers personnels provenant de l\u2019ancien haut-commissaire de l\u2019Afrique fran\u00e7aise. Ce fonds, disparate, contient une abondante correspondance priv\u00e9e, des papiers administratifs ainsi que des photographies. Cet ensemble compl\u00e8te le fonds d\u00e9j\u00e0 pr\u00e9sent aux ANOM sous la cote 30APC, constitu\u00e9 de documents rassembl\u00e9s par Pierre Boisson lui-m\u00eame afin d\u2019assurer sa d\u00e9fense devant la Haute Cour de justice en 1948.<\/p>\n<p>Cet ensemble exceptionnel permet d\u2019\u00e9voquer un \u00e9pisode m\u00e9connu de la Seconde Guerre Mondiale\u00a0: la bataille de Dakar, qui eut lieu du 23 au 25 septembre 1940, et qui opposa d\u2019un c\u00f4t\u00e9 les Forces fran\u00e7aises libres (FFL) du g\u00e9n\u00e9ral de Gaulle et les forces britanniques, de l\u2019autre les forces fid\u00e8les \u00e0 Vichy dirig\u00e9es par le gouverneur Boisson.<\/p>\n<p>Cet \u00e9pisode marqua profond\u00e9ment les destins de Boisson et du g\u00e9n\u00e9ral de Gaulle.<\/p>\n<p><a href=\"http:\/\/www.archivesnationales.culture.gouv.fr\/anom\/fr\/Action-culturelle\/Dossiers-du-mois\/1801-Dakar\/index.php\">Read more.<\/a><\/p>\n<p>Article originally published on <a href=\"http:\/\/www.archivesnationales.culture.gouv.fr\/anom\/fr\/Action-culturelle\/Dossiers-du-mois\/1801-Dakar\/index.php\">Archives Nationales.<\/a><\/p>\n","protected":false},"excerpt":{"rendered":"<p>En 2017, les descendants de Pierre Boisson ont remis en don aux Archives nationales d\u2019outre-mer des papiers personnels provenant de l\u2019ancien haut-commissaire de l\u2019Afrique fran\u00e7aise. Ce fonds, disparate, contient une abondante correspondance priv\u00e9e, des papiers administratifs ainsi que des photographies. &hellip; <a href=\"https:\/\/francophone.port.ac.uk\/?p=1815\">Continue reading <span class=\"meta-nav\">&rarr;<\/span><\/a><\/p>\n","protected":false},"author":9,"featured_media":0,"comment_status":"open","ping_status":"open","sticky":false,"template":"","format":"standard","meta":{"jetpack_post_was_ever_published":false,"_jetpack_newsletter_access":"","_jetpack_dont_email_post_to_subs":false,"_jetpack_newsletter_tier_id":0,"_jetpack_memberships_contains_paywalled_content":false,"_jetpack_memberships_contains_paid_content":false,"footnotes":""},"categories":[3],"tags":[145,249,449,252,86],"class_list":["post-1815","post","type-post","status-publish","format-standard","hentry","category-blogs","tag-archives","tag-charles-de-gaulle","tag-dakar","tag-france","tag-senegal"],"jetpack_featured_media_url":"","jetpack_sharing_enabled":true,"_links":{"self":[{"href":"https:\/\/francophone.port.ac.uk\/index.php?rest_route=\/wp\/v2\/posts\/1815","targetHints":{"allow":["GET"]}}],"collection":[{"href":"https:\/\/francophone.port.ac.uk\/index.php?rest_route=\/wp\/v2\/posts"}],"about":[{"href":"https:\/\/francophone.port.ac.uk\/index.php?rest_route=\/wp\/v2\/types\/post"}],"author":[{"embeddable":true,"href":"https:\/\/francophone.port.ac.uk\/index.php?rest_route=\/wp\/v2\/users\/9"}],"replies":[{"embeddable":true,"href":"https:\/\/francophone.port.ac.uk\/index.php?rest_route=%2Fwp%2Fv2%2Fcomments&post=1815"}],"version-history":[{"count":1,"href":"https:\/\/francophone.port.ac.uk\/index.php?rest_route=\/wp\/v2\/posts\/1815\/revisions"}],"predecessor-version":[{"id":1816,"href":"https:\/\/francophone.port.ac.uk\/index.php?rest_route=\/wp\/v2\/posts\/1815\/revisions\/1816"}],"wp:attachment":[{"href":"https:\/\/francophone.port.ac.uk\/index.php?rest_route=%2Fwp%2Fv2%2Fmedia&parent=1815"}],"wp:term":[{"taxonomy":"category","embeddable":true,"href":"https:\/\/francophone.port.ac.uk\/index.php?rest_route=%2Fwp%2Fv2%2Fcategories&post=1815"},{"taxonomy":"post_tag","embeddable":true,"href":"https:\/\/francophone.port.ac.uk\/index.php?rest_route=%2Fwp%2Fv2%2Ftags&post=1815"}],"curies":[{"name":"wp","href":"https:\/\/api.w.org\/{rel}","templated":true}]}}