{"id":1820,"date":"2018-02-22T10:35:51","date_gmt":"2018-02-22T10:35:51","guid":{"rendered":"http:\/\/francophone.port.ac.uk\/?p=1820"},"modified":"2018-02-22T10:35:51","modified_gmt":"2018-02-22T10:35:51","slug":"francophonie-in-turbulent-times-6","status":"publish","type":"post","link":"https:\/\/francophone.port.ac.uk\/?p=1820","title":{"rendered":"\u2018Francophonie\u2019 in turbulent times 6"},"content":{"rendered":"<h2 class=\"mt0 mb1 titre-article\"><a href=\"http:\/\/afrique.lepoint.fr\/actualites\/francoise-verges-ces-habits-uses-de-la-francophonie-13-02-2018-2194444_2365.php\">Fran\u00e7oise Verg\u00e8s\u00a0: \u00ab\u00a0Ces habits us\u00e9s de la francophonie\u00a0!\u00a0\u00bb<\/a><\/h2>\n<div class=\"sansserif chapeau-article\">\u00c0 l&#8217;occasion de la conf\u00e9rence internationale sur la promotion de la langue fran\u00e7aise dans un monde multilingue de Paris, Fran\u00e7oise Verg\u00e8s pose le cadre du d\u00e9bat sur cet outil controvers\u00e9 qu&#8217;est la francophonie. Explications.<\/div>\n<div><\/div>\n<div>\n<h2 class=\"mt0 mb1 titre-article\"><a href=\"http:\/\/afrique.lepoint.fr\/culture\/francophonie-cette-polyphonie-des-langues-qui-la-sous-tend-15-02-2018-2195280_2256.php\">Benaouda Lebda\u00ef\u00a0: &#8220;Cette polyphonie des langues qui sous-tend la francophonie<\/a>&#8220;<\/h2>\n<div class=\"sansserif chapeau-article\">L&#8217;histoire du continent, marqu\u00e9e par la traite des\u00a0esclaves et la colonisation, rapproche les litt\u00e9ratures d&#8217;espaces culturels diff\u00e9rents \u00e0 travers l&#8217;expression des souffrances qui y ont \u00e9t\u00e9 v\u00e9cues.<\/div>\n<\/div>\n<div>\n<h2 class=\"mt0 mb1 titre-article\"><a href=\"http:\/\/afrique.lepoint.fr\/culture\/lydie-moudileno-vous-avez-dit-misere-s-de-la-francophonie-16-02-2018-2195512_2256.php\">Lydie Moudileno\u00a0: vous avez dit \u00ab\u00a0mis\u00e8re(s) de la francophonie\u00a0\u00bb\u00a0?<\/a><\/h2>\n<div class=\"sansserif chapeau-article\">\u00a0Pourquoi la volont\u00e9 de la francophonie de redonner au fran\u00e7ais son rayonnement est-elle devenue un v\u0153u pieux alors que des milliers de locuteurs tracent leur propre destin. \u00c9l\u00e9ments d&#8217;explication.<\/div>\n<\/div>\n<div><\/div>\n<div><\/div>\n<div>\n<h2 class=\"mt0 mb1 titre-article\"><a href=\"http:\/\/afrique.lepoint.fr\/culture\/hourya-bentouhami-machin-la-francophonie-ou-les-errances-de-la-francafrique-16-02-2018-2195623_2256.php\">Hourya Bentouhami\u00a0: Machin-la-Francophonie ou les errances de la Fran\u00e7afrique<\/a><\/h2>\n<div class=\"sansserif chapeau-article\">\u00a0\u00ab\u00a0Un plan d&#8217;ensemble pour le fran\u00e7ais et le plurilinguisme dans le monde\u00a0\u00bb devrait \u00eatre d\u00e9voil\u00e9 tr\u00e8s prochainement. Probl\u00e8me\u00a0: il a des accents de d\u00e9j\u00e0-vu.<\/div>\n<\/div>\n<div><\/div>\n<div>\n<h2 class=\"mt0 mb1 titre-article\"><a href=\"http:\/\/afrique.lepoint.fr\/culture\/timba-bema-africains-approprions-nous-le-francais-15-02-2018-2195301_2256.php\">Timba Bema &#8211;\u00a0\u00ab\u00a0Africains, approprions-nous le fran\u00e7ais\u2009\u00a0!\u00a0\u00bb<\/a><\/h2>\n<div class=\"sansserif chapeau-article\">\u00a0\u00c0 propos de la conf\u00e9rence internationale pour la langue fran\u00e7aise voulue par\u00a0Emmanuel Macron, entre r\u00e9cusation de l&#8217;h\u00e9g\u00e9monie fran\u00e7aise et r\u00e9forme de la\u00a0Francophonie, ne passe-t-on pas \u00e0 c\u00f4t\u00e9 de questions essentielles\u00a0? Quelques \u00e9l\u00e9ments de r\u00e9ponses.<\/div>\n<\/div>\n","protected":false},"excerpt":{"rendered":"<p>Fran\u00e7oise Verg\u00e8s\u00a0: \u00ab\u00a0Ces habits us\u00e9s de la francophonie\u00a0!\u00a0\u00bb \u00c0 l&#8217;occasion de la conf\u00e9rence internationale sur la promotion de la langue fran\u00e7aise dans un monde multilingue de Paris, Fran\u00e7oise Verg\u00e8s pose le cadre du d\u00e9bat sur cet outil controvers\u00e9 qu&#8217;est la &hellip; <a href=\"https:\/\/francophone.port.ac.uk\/?p=1820\">Continue reading <span class=\"meta-nav\">&rarr;<\/span><\/a><\/p>\n","protected":false},"author":9,"featured_media":0,"comment_status":"open","ping_status":"open","sticky":false,"template":"","format":"standard","meta":{"jetpack_post_was_ever_published":false,"_jetpack_newsletter_access":"","_jetpack_dont_email_post_to_subs":false,"_jetpack_newsletter_tier_id":0,"_jetpack_memberships_contains_paywalled_content":false,"_jetpack_memberships_contains_paid_content":false,"footnotes":""},"categories":[3],"tags":[227],"class_list":["post-1820","post","type-post","status-publish","format-standard","hentry","category-blogs","tag-francophonie"],"jetpack_featured_media_url":"","jetpack_sharing_enabled":true,"_links":{"self":[{"href":"https:\/\/francophone.port.ac.uk\/index.php?rest_route=\/wp\/v2\/posts\/1820","targetHints":{"allow":["GET"]}}],"collection":[{"href":"https:\/\/francophone.port.ac.uk\/index.php?rest_route=\/wp\/v2\/posts"}],"about":[{"href":"https:\/\/francophone.port.ac.uk\/index.php?rest_route=\/wp\/v2\/types\/post"}],"author":[{"embeddable":true,"href":"https:\/\/francophone.port.ac.uk\/index.php?rest_route=\/wp\/v2\/users\/9"}],"replies":[{"embeddable":true,"href":"https:\/\/francophone.port.ac.uk\/index.php?rest_route=%2Fwp%2Fv2%2Fcomments&post=1820"}],"version-history":[{"count":1,"href":"https:\/\/francophone.port.ac.uk\/index.php?rest_route=\/wp\/v2\/posts\/1820\/revisions"}],"predecessor-version":[{"id":1821,"href":"https:\/\/francophone.port.ac.uk\/index.php?rest_route=\/wp\/v2\/posts\/1820\/revisions\/1821"}],"wp:attachment":[{"href":"https:\/\/francophone.port.ac.uk\/index.php?rest_route=%2Fwp%2Fv2%2Fmedia&parent=1820"}],"wp:term":[{"taxonomy":"category","embeddable":true,"href":"https:\/\/francophone.port.ac.uk\/index.php?rest_route=%2Fwp%2Fv2%2Fcategories&post=1820"},{"taxonomy":"post_tag","embeddable":true,"href":"https:\/\/francophone.port.ac.uk\/index.php?rest_route=%2Fwp%2Fv2%2Ftags&post=1820"}],"curies":[{"name":"wp","href":"https:\/\/api.w.org\/{rel}","templated":true}]}}