{"id":1848,"date":"2018-03-26T13:35:30","date_gmt":"2018-03-26T12:35:30","guid":{"rendered":"http:\/\/francophone.port.ac.uk\/?p=1848"},"modified":"2018-03-26T13:35:30","modified_gmt":"2018-03-26T12:35:30","slug":"francophonie-in-turbulent-times-7","status":"publish","type":"post","link":"https:\/\/francophone.port.ac.uk\/?p=1848","title":{"rendered":"\u2018Francophonie\u2019 in turbulent times 7"},"content":{"rendered":"<h2 class=\"tt2\" data-gtm=\"titre_article\"><span style=\"color: #000000;\"><a style=\"color: #000000;\" href=\"http:\/\/www.lemonde.fr\/idees\/article\/2018\/03\/21\/le-francais-ne-doit-plus-faire-barrage-aux-langues-nationales-des-pays-dits-francophones_5274379_3232.html\">\u00ab\u00a0Le fran\u00e7ais ne doit plus faire barrage aux langues nationales des\u00a0pays dits francophones\u00a0\u00bb<\/a><\/span><\/h2>\n<p class=\"txt3 description-article\"><span style=\"color: #000000;\"><em>La romanci\u00e8re franco-ivoirienne V\u00e9ronique Tadjo se f\u00e9licite, dans une tribune au \u00ab\u00a0Monde\u00a0\u00bb, de la volont\u00e9 d\u2019Emmanuel Macron de vouloir lier pluralisme linguistique et francophonie. Pour elle, la langue fran\u00e7aise a trop longtemps voulu d\u00e9fendre son h\u00e9g\u00e9monie en Afrique subsaharienne.<\/em><\/span><\/p>\n<p><strong><span style=\"color: #000000;\"><a style=\"color: #000000;\" href=\"http:\/\/www.lemonde.fr\/idees\/article\/2018\/03\/21\/le-francais-ne-doit-plus-faire-barrage-aux-langues-nationales-des-pays-dits-francophones_5274379_3232.html\">Read more<\/a><\/span><\/strong><\/p>\n<p><span style=\"color: #000000;\">Sent by Edouard Bustin<\/span><\/p>\n<p><span style=\"color: #000000;\">Article originally published on <strong><a style=\"color: #000000;\" href=\"http:\/\/www.lemonde.fr\/idees\/article\/2018\/03\/21\/le-francais-ne-doit-plus-faire-barrage-aux-langues-nationales-des-pays-dits-francophones_5274379_3232.html\">Le Monde<\/a><\/strong><\/span><\/p>\n","protected":false},"excerpt":{"rendered":"<p>\u00ab\u00a0Le fran\u00e7ais ne doit plus faire barrage aux langues nationales des\u00a0pays dits francophones\u00a0\u00bb La romanci\u00e8re franco-ivoirienne V\u00e9ronique Tadjo se f\u00e9licite, dans une tribune au \u00ab\u00a0Monde\u00a0\u00bb, de la volont\u00e9 d\u2019Emmanuel Macron de vouloir lier pluralisme linguistique et francophonie. Pour elle, la &hellip; <a href=\"https:\/\/francophone.port.ac.uk\/?p=1848\">Continue reading <span class=\"meta-nav\">&rarr;<\/span><\/a><\/p>\n","protected":false},"author":9,"featured_media":0,"comment_status":"open","ping_status":"open","sticky":false,"template":"","format":"standard","meta":{"jetpack_post_was_ever_published":false,"_jetpack_newsletter_access":"","_jetpack_dont_email_post_to_subs":false,"_jetpack_newsletter_tier_id":0,"_jetpack_memberships_contains_paywalled_content":false,"_jetpack_memberships_contains_paid_content":false,"footnotes":""},"categories":[3],"tags":[367,493,227,494],"class_list":["post-1848","post","type-post","status-publish","format-standard","hentry","category-blogs","tag-afrique-francophone","tag-afrique-subsaharienne","tag-francophonie","tag-hegemonie"],"jetpack_featured_media_url":"","jetpack_sharing_enabled":true,"_links":{"self":[{"href":"https:\/\/francophone.port.ac.uk\/index.php?rest_route=\/wp\/v2\/posts\/1848","targetHints":{"allow":["GET"]}}],"collection":[{"href":"https:\/\/francophone.port.ac.uk\/index.php?rest_route=\/wp\/v2\/posts"}],"about":[{"href":"https:\/\/francophone.port.ac.uk\/index.php?rest_route=\/wp\/v2\/types\/post"}],"author":[{"embeddable":true,"href":"https:\/\/francophone.port.ac.uk\/index.php?rest_route=\/wp\/v2\/users\/9"}],"replies":[{"embeddable":true,"href":"https:\/\/francophone.port.ac.uk\/index.php?rest_route=%2Fwp%2Fv2%2Fcomments&post=1848"}],"version-history":[{"count":2,"href":"https:\/\/francophone.port.ac.uk\/index.php?rest_route=\/wp\/v2\/posts\/1848\/revisions"}],"predecessor-version":[{"id":1850,"href":"https:\/\/francophone.port.ac.uk\/index.php?rest_route=\/wp\/v2\/posts\/1848\/revisions\/1850"}],"wp:attachment":[{"href":"https:\/\/francophone.port.ac.uk\/index.php?rest_route=%2Fwp%2Fv2%2Fmedia&parent=1848"}],"wp:term":[{"taxonomy":"category","embeddable":true,"href":"https:\/\/francophone.port.ac.uk\/index.php?rest_route=%2Fwp%2Fv2%2Fcategories&post=1848"},{"taxonomy":"post_tag","embeddable":true,"href":"https:\/\/francophone.port.ac.uk\/index.php?rest_route=%2Fwp%2Fv2%2Ftags&post=1848"}],"curies":[{"name":"wp","href":"https:\/\/api.w.org\/{rel}","templated":true}]}}