{"id":1852,"date":"2018-03-29T13:25:18","date_gmt":"2018-03-29T12:25:18","guid":{"rendered":"http:\/\/francophone.port.ac.uk\/?p=1852"},"modified":"2018-03-29T13:25:18","modified_gmt":"2018-03-29T12:25:18","slug":"lafrique-cree-sa-zone-de-libre-echange","status":"publish","type":"post","link":"https:\/\/francophone.port.ac.uk\/?p=1852","title":{"rendered":"L\u2019Afrique cr\u00e9e sa zone de libre-\u00e9change"},"content":{"rendered":"<p><em>Les dirigeants africains, pr\u00e9sents \u00e0 Kigali (Rwanda) pour le sommet extraordinaire de l&#8217;Union africaine (UA), ont ratifi\u00e9 l&#8217;accord pr\u00e9voyant l&#8217;instauration d&#8217;une Zone de libre-\u00e9change continentale (Zlec), la plus vaste jamais con\u00e7ue.<\/em><\/p>\n<div id=\"texte\" class=\"texte\">\n<p>Sur les 55 pays que compte le continent, 44 ont sign\u00e9 le document donnant naissance \u00e0 cet espace commercial africain \u00abper\u00e7u comme essentiel au d\u00e9veloppement \u00e9conomique de l&#8217;Afrique\u00bb, a annonc\u00e9 le pr\u00e9sident de la Commission de l&#8217;UA, Moussa Faki, en conclusion du sommet.<\/p>\n<p><strong><a href=\"http:\/\/www.elwatan.com\/\/economie\/l-afrique-cree-sa-zone-de-libre-echange-22-03-2018-364865_111.php\">Read more<\/a><\/strong><\/p>\n<p>Article originally published on <strong><a href=\"http:\/\/www.elwatan.com\/\/economie\/l-afrique-cree-sa-zone-de-libre-echange-22-03-2018-364865_111.php\">El Watan<\/a><\/strong><\/p>\n<\/div>\n","protected":false},"excerpt":{"rendered":"<p>Les dirigeants africains, pr\u00e9sents \u00e0 Kigali (Rwanda) pour le sommet extraordinaire de l&#8217;Union africaine (UA), ont ratifi\u00e9 l&#8217;accord pr\u00e9voyant l&#8217;instauration d&#8217;une Zone de libre-\u00e9change continentale (Zlec), la plus vaste jamais con\u00e7ue. Sur les 55 pays que compte le continent, 44 &hellip; <a href=\"https:\/\/francophone.port.ac.uk\/?p=1852\">Continue reading <span class=\"meta-nav\">&rarr;<\/span><\/a><\/p>\n","protected":false},"author":9,"featured_media":0,"comment_status":"open","ping_status":"open","sticky":false,"template":"","format":"standard","meta":{"jetpack_post_was_ever_published":false,"_jetpack_newsletter_access":"","_jetpack_dont_email_post_to_subs":false,"_jetpack_newsletter_tier_id":0,"_jetpack_memberships_contains_paywalled_content":false,"_jetpack_memberships_contains_paid_content":false,"footnotes":""},"categories":[3],"tags":[58,187,496,495],"class_list":["post-1852","post","type-post","status-publish","format-standard","hentry","category-blogs","tag-africa","tag-african-union","tag-agenda-2063","tag-economy"],"jetpack_featured_media_url":"","jetpack_sharing_enabled":true,"_links":{"self":[{"href":"https:\/\/francophone.port.ac.uk\/index.php?rest_route=\/wp\/v2\/posts\/1852","targetHints":{"allow":["GET"]}}],"collection":[{"href":"https:\/\/francophone.port.ac.uk\/index.php?rest_route=\/wp\/v2\/posts"}],"about":[{"href":"https:\/\/francophone.port.ac.uk\/index.php?rest_route=\/wp\/v2\/types\/post"}],"author":[{"embeddable":true,"href":"https:\/\/francophone.port.ac.uk\/index.php?rest_route=\/wp\/v2\/users\/9"}],"replies":[{"embeddable":true,"href":"https:\/\/francophone.port.ac.uk\/index.php?rest_route=%2Fwp%2Fv2%2Fcomments&post=1852"}],"version-history":[{"count":1,"href":"https:\/\/francophone.port.ac.uk\/index.php?rest_route=\/wp\/v2\/posts\/1852\/revisions"}],"predecessor-version":[{"id":1853,"href":"https:\/\/francophone.port.ac.uk\/index.php?rest_route=\/wp\/v2\/posts\/1852\/revisions\/1853"}],"wp:attachment":[{"href":"https:\/\/francophone.port.ac.uk\/index.php?rest_route=%2Fwp%2Fv2%2Fmedia&parent=1852"}],"wp:term":[{"taxonomy":"category","embeddable":true,"href":"https:\/\/francophone.port.ac.uk\/index.php?rest_route=%2Fwp%2Fv2%2Fcategories&post=1852"},{"taxonomy":"post_tag","embeddable":true,"href":"https:\/\/francophone.port.ac.uk\/index.php?rest_route=%2Fwp%2Fv2%2Ftags&post=1852"}],"curies":[{"name":"wp","href":"https:\/\/api.w.org\/{rel}","templated":true}]}}