{"id":1859,"date":"2018-04-09T10:38:13","date_gmt":"2018-04-09T09:38:13","guid":{"rendered":"http:\/\/francophone.port.ac.uk\/?p=1859"},"modified":"2018-04-09T10:38:13","modified_gmt":"2018-04-09T09:38:13","slug":"survie-la-france-ne-doit-plus-pretendre-ecrire-lhistoire-dafrique","status":"publish","type":"post","link":"https:\/\/francophone.port.ac.uk\/?p=1859","title":{"rendered":"Survie : \u00ab La France ne doit plus pr\u00e9tendre \u00e9crire l\u2019histoire d\u2019Afrique \u00bb"},"content":{"rendered":"<p>\u00ab\u00a0<i>Il n\u2019y a plus de politique africaine de la France<\/i>\u00a0\u00bb assurait Emmanuel Macron en novembre dernier, \u00e0 Ouagadougou.\u00a0<i>\u00ab\u00a0Je suis d\u2019une g\u00e9n\u00e9ration o\u00f9 on ne vient pas dire \u00e0 l\u2019Afrique ce qu\u2019elle doit faire\u00a0<\/i>\u00bb a rench\u00e9ri le pr\u00e9sident. Mais beaucoup sont rest\u00e9s dubitatifs face \u00e0 ces d\u00e9clarations. Le pr\u00e9sident fran\u00e7ais a-t-il amorc\u00e9 une nouvelle \u00e8re dans les relations entre la France et les pays d\u2019Afrique\u00a0? Ce n\u2019est pas l\u2019avis de Thomas Borrel, porte-parole de Survie. Depuis 1984, l\u2019association d\u00e9nonce toutes les formes d\u2019ing\u00e9rences de la France dans les pays africains et milite pour un renouveau de la politique \u00e9trang\u00e8re de la France en Afrique. Selon Thomas Borrel, Paris n\u2019a pas encore aujourd\u2019hui tout \u00e0 fait rompu avec la \u00ab\u00a0Fran\u00e7afrique\u00a0\u00bb.<\/p>\n<p><a href=\"https:\/\/afrique.lalibre.be\/17187\/survie-la-france-ne-doit-plus-pretendre-ecrire-lhistoire-dafrique\/\">Read More<\/a><\/p>\n<p>Text originally published on <strong><a href=\"https:\/\/afrique.lalibre.be\/17187\/survie-la-france-ne-doit-plus-pretendre-ecrire-lhistoire-dafrique\/\">La Libre Afrique<\/a><\/strong><\/p>\n<p>Sent by\u00a0Edouard Bustin<\/p>\n","protected":false},"excerpt":{"rendered":"<p>\u00ab\u00a0Il n\u2019y a plus de politique africaine de la France\u00a0\u00bb assurait Emmanuel Macron en novembre dernier, \u00e0 Ouagadougou.\u00a0\u00ab\u00a0Je suis d\u2019une g\u00e9n\u00e9ration o\u00f9 on ne vient pas dire \u00e0 l\u2019Afrique ce qu\u2019elle doit faire\u00a0\u00bb a rench\u00e9ri le pr\u00e9sident. Mais beaucoup sont &hellip; <a href=\"https:\/\/francophone.port.ac.uk\/?p=1859\">Continue reading <span class=\"meta-nav\">&rarr;<\/span><\/a><\/p>\n","protected":false},"author":9,"featured_media":0,"comment_status":"open","ping_status":"open","sticky":false,"template":"","format":"standard","meta":{"jetpack_post_was_ever_published":false,"_jetpack_newsletter_access":"","_jetpack_dont_email_post_to_subs":false,"_jetpack_newsletter_tier_id":0,"_jetpack_memberships_contains_paywalled_content":false,"_jetpack_memberships_contains_paid_content":false,"footnotes":""},"categories":[3],"tags":[58,367,88,252,394],"class_list":["post-1859","post","type-post","status-publish","format-standard","hentry","category-blogs","tag-africa","tag-afrique-francophone","tag-francafrique","tag-france","tag-history"],"jetpack_featured_media_url":"","jetpack_sharing_enabled":true,"_links":{"self":[{"href":"https:\/\/francophone.port.ac.uk\/index.php?rest_route=\/wp\/v2\/posts\/1859","targetHints":{"allow":["GET"]}}],"collection":[{"href":"https:\/\/francophone.port.ac.uk\/index.php?rest_route=\/wp\/v2\/posts"}],"about":[{"href":"https:\/\/francophone.port.ac.uk\/index.php?rest_route=\/wp\/v2\/types\/post"}],"author":[{"embeddable":true,"href":"https:\/\/francophone.port.ac.uk\/index.php?rest_route=\/wp\/v2\/users\/9"}],"replies":[{"embeddable":true,"href":"https:\/\/francophone.port.ac.uk\/index.php?rest_route=%2Fwp%2Fv2%2Fcomments&post=1859"}],"version-history":[{"count":1,"href":"https:\/\/francophone.port.ac.uk\/index.php?rest_route=\/wp\/v2\/posts\/1859\/revisions"}],"predecessor-version":[{"id":1860,"href":"https:\/\/francophone.port.ac.uk\/index.php?rest_route=\/wp\/v2\/posts\/1859\/revisions\/1860"}],"wp:attachment":[{"href":"https:\/\/francophone.port.ac.uk\/index.php?rest_route=%2Fwp%2Fv2%2Fmedia&parent=1859"}],"wp:term":[{"taxonomy":"category","embeddable":true,"href":"https:\/\/francophone.port.ac.uk\/index.php?rest_route=%2Fwp%2Fv2%2Fcategories&post=1859"},{"taxonomy":"post_tag","embeddable":true,"href":"https:\/\/francophone.port.ac.uk\/index.php?rest_route=%2Fwp%2Fv2%2Ftags&post=1859"}],"curies":[{"name":"wp","href":"https:\/\/api.w.org\/{rel}","templated":true}]}}