{"id":1873,"date":"2018-04-27T11:25:03","date_gmt":"2018-04-27T10:25:03","guid":{"rendered":"http:\/\/francophone.port.ac.uk\/?p=1873"},"modified":"2018-04-27T11:25:03","modified_gmt":"2018-04-27T10:25:03","slug":"conflits-dans-le-sahara-des-dynamiques-locales-occultees-par-le-mirage-du-djihad-global","status":"publish","type":"post","link":"https:\/\/francophone.port.ac.uk\/?p=1873","title":{"rendered":"Conflits dans le Sahara : des dynamiques locales occult\u00e9es par le mirage du djihad global"},"content":{"rendered":"<p>Depuis 2013, la France a engag\u00e9 une v\u00e9ritable guerre contre le terrorisme en Afrique, en l\u2019occurrence dans une partie de la bande sah\u00e9lo-saharienne qui va du Tchad jusqu\u2019\u00e0 la Mauritanie. La menace est pr\u00e9sent\u00e9e comme globale face \u00e0 des groupes djihadistes affili\u00e9s ou en lien avec les deux principales franchises mondiales, \u00e0 savoir Al-Qa\u00efda et l\u2019\u00c9tat islamique (Daech).<\/p>\n<p>Malgr\u00e9 l\u2019ensablement du conflit, le principe d\u2019un engagement militaire n\u2019est donc pas contest\u00e9 et fait l\u2019objet d\u2019un relatif consensus au sein de l\u2019opinion publique et de la classe politique en France. Le contraste est saisissant. Lors de la premi\u00e8re crise du Golfe en 1991, des Fran\u00e7ais \u00e9taient descendus dans la rue pour manifester contre l\u2019intervention militaire des \u00c9tats-Unis au Kowe\u00eft. L\u2019\u00c9lys\u00e9e avait ensuite pris officiellement position contre Washington au moment de l\u2019invasion de l\u2019Irak en 2003.<\/p>\n<p><strong><a href=\"https:\/\/theconversation.com\/conflits-dans-le-sahara-des-dynamiques-locales-occultees-par-le-mirage-du-djihad-global-94332\">Read more<\/a><\/strong><\/p>\n<p>Sent by\u00a0<b class=\"gmail_sendername\">Edouard\u00a0<span class=\"il\">Bustin<\/span><\/b><\/p>\n<p>Article originally published on <strong><a href=\"https:\/\/theconversation.com\/conflits-dans-le-sahara-des-dynamiques-locales-occultees-par-le-mirage-du-djihad-global-94332\">The Conversation<\/a><\/strong><\/p>\n","protected":false},"excerpt":{"rendered":"<p>Depuis 2013, la France a engag\u00e9 une v\u00e9ritable guerre contre le terrorisme en Afrique, en l\u2019occurrence dans une partie de la bande sah\u00e9lo-saharienne qui va du Tchad jusqu\u2019\u00e0 la Mauritanie. La menace est pr\u00e9sent\u00e9e comme globale face \u00e0 des groupes &hellip; <a href=\"https:\/\/francophone.port.ac.uk\/?p=1873\">Continue reading <span class=\"meta-nav\">&rarr;<\/span><\/a><\/p>\n","protected":false},"author":9,"featured_media":0,"comment_status":"open","ping_status":"open","sticky":false,"template":"","format":"standard","meta":{"jetpack_post_was_ever_published":false,"_jetpack_newsletter_access":"","_jetpack_dont_email_post_to_subs":false,"_jetpack_newsletter_tier_id":0,"_jetpack_memberships_contains_paywalled_content":false,"_jetpack_memberships_contains_paid_content":false,"footnotes":""},"categories":[3],"tags":[367,493,423,505,173,252,506],"class_list":["post-1873","post","type-post","status-publish","format-standard","hentry","category-blogs","tag-afrique-francophone","tag-afrique-subsaharienne","tag-conflict","tag-counter-terrorism","tag-counterinsurgency","tag-france","tag-military"],"jetpack_featured_media_url":"","jetpack_sharing_enabled":true,"_links":{"self":[{"href":"https:\/\/francophone.port.ac.uk\/index.php?rest_route=\/wp\/v2\/posts\/1873","targetHints":{"allow":["GET"]}}],"collection":[{"href":"https:\/\/francophone.port.ac.uk\/index.php?rest_route=\/wp\/v2\/posts"}],"about":[{"href":"https:\/\/francophone.port.ac.uk\/index.php?rest_route=\/wp\/v2\/types\/post"}],"author":[{"embeddable":true,"href":"https:\/\/francophone.port.ac.uk\/index.php?rest_route=\/wp\/v2\/users\/9"}],"replies":[{"embeddable":true,"href":"https:\/\/francophone.port.ac.uk\/index.php?rest_route=%2Fwp%2Fv2%2Fcomments&post=1873"}],"version-history":[{"count":1,"href":"https:\/\/francophone.port.ac.uk\/index.php?rest_route=\/wp\/v2\/posts\/1873\/revisions"}],"predecessor-version":[{"id":1874,"href":"https:\/\/francophone.port.ac.uk\/index.php?rest_route=\/wp\/v2\/posts\/1873\/revisions\/1874"}],"wp:attachment":[{"href":"https:\/\/francophone.port.ac.uk\/index.php?rest_route=%2Fwp%2Fv2%2Fmedia&parent=1873"}],"wp:term":[{"taxonomy":"category","embeddable":true,"href":"https:\/\/francophone.port.ac.uk\/index.php?rest_route=%2Fwp%2Fv2%2Fcategories&post=1873"},{"taxonomy":"post_tag","embeddable":true,"href":"https:\/\/francophone.port.ac.uk\/index.php?rest_route=%2Fwp%2Fv2%2Ftags&post=1873"}],"curies":[{"name":"wp","href":"https:\/\/api.w.org\/{rel}","templated":true}]}}