{"id":1878,"date":"2018-05-03T09:39:09","date_gmt":"2018-05-03T08:39:09","guid":{"rendered":"http:\/\/francophone.port.ac.uk\/?p=1878"},"modified":"2018-05-03T09:39:09","modified_gmt":"2018-05-03T08:39:09","slug":"la-ruee-vers-leurope-la-natalite-africaine-et-ses-consequences","status":"publish","type":"post","link":"https:\/\/francophone.port.ac.uk\/?p=1878","title":{"rendered":"La Ru\u00e9e vers l&#8217;Europe: La natalit\u00e9 africaine et ses cons\u00e9quences"},"content":{"rendered":"<p><em>Au palais de Chaillot, le 15 avril 2018, le pr\u00e9sident Macron a \u00e9voqu\u00e9 la question migratoire et marqu\u00e9 son int\u00e9r\u00eat pour le livre de Stephen Smith\u00a0:\u00a0La Ru\u00e9e vers l\u2019Europe\u00a0(Grasset, 2018). C&#8217;est un expos\u00e9 tr\u00e8s cru des enjeux d\u00e9mographiques africains et europ\u00e9ens&#8230;<\/em><\/p>\n<p>Cet essai d\u00e9crit l\u2019explosion d\u00e9mographique de l\u2019Afrique subsaharienne, un ph\u00e9nom\u00e8ne d\u2019une ampleur sans pr\u00e9c\u00e9dent dans l\u2019Histoire humaine.<\/p>\n<p>Il a des cons\u00e9quences dramatiques sur les soci\u00e9t\u00e9s africaines et pourrait, selon l\u2019auteur, ruiner l\u2019Europe elle-m\u00eame si celle-ci n\u2019arrivait \u00e0 s\u2019en prot\u00e9ger\u00a0:\u00a0<em>\u00ab\u00a0La migration massive d\u2019Africains vers l\u2019Europe n\u2019est dans l\u2019int\u00e9r\u00eat ni de la jeune Afrique ni du Vieux Continent\u00a0\u00bb<\/em>\u00a0(page 223).<\/p>\n<p>De nationalit\u00e9 am\u00e9ricaine, Stephen Smith (61 ans) a tenu la rubrique Afrique du quotidien\u00a0<em>Lib\u00e9ration<\/em>\u00a0(1988-2000) puis du\u00a0<em>Monde<\/em>\u00a0(2000-2005). Depuis 2007, il enseigne les \u00e9tudes africaines aux \u00c9tats-Unis, \u00e0 l\u2019Universit\u00e9 Duke.<\/p>\n<p><strong><a href=\"https:\/\/www.herodote.net\/La_natalite_africaine_et_ses_consequences-article-1719.php\">Read More<\/a><\/strong><\/p>\n<p>Sent by\u00a0<b class=\"gmail_sendername\">Edouard Bustin<\/b><\/p>\n<p>Originally published on <strong><a href=\"https:\/\/www.herodote.net\/La_natalite_africaine_et_ses_consequences-article-1719.php\">herodote.net<\/a><\/strong><\/p>\n","protected":false},"excerpt":{"rendered":"<p>Au palais de Chaillot, le 15 avril 2018, le pr\u00e9sident Macron a \u00e9voqu\u00e9 la question migratoire et marqu\u00e9 son int\u00e9r\u00eat pour le livre de Stephen Smith\u00a0:\u00a0La Ru\u00e9e vers l\u2019Europe\u00a0(Grasset, 2018). C&#8217;est un expos\u00e9 tr\u00e8s cru des enjeux d\u00e9mographiques africains et &hellip; <a href=\"https:\/\/francophone.port.ac.uk\/?p=1878\">Continue reading <span class=\"meta-nav\">&rarr;<\/span><\/a><\/p>\n","protected":false},"author":9,"featured_media":0,"comment_status":"open","ping_status":"open","sticky":false,"template":"","format":"standard","meta":{"jetpack_post_was_ever_published":false,"_jetpack_newsletter_access":"","_jetpack_dont_email_post_to_subs":false,"_jetpack_newsletter_tier_id":0,"_jetpack_memberships_contains_paywalled_content":false,"_jetpack_memberships_contains_paid_content":false,"footnotes":""},"categories":[3],"tags":[58,507],"class_list":["post-1878","post","type-post","status-publish","format-standard","hentry","category-blogs","tag-africa","tag-natalite"],"jetpack_featured_media_url":"","jetpack_sharing_enabled":true,"_links":{"self":[{"href":"https:\/\/francophone.port.ac.uk\/index.php?rest_route=\/wp\/v2\/posts\/1878","targetHints":{"allow":["GET"]}}],"collection":[{"href":"https:\/\/francophone.port.ac.uk\/index.php?rest_route=\/wp\/v2\/posts"}],"about":[{"href":"https:\/\/francophone.port.ac.uk\/index.php?rest_route=\/wp\/v2\/types\/post"}],"author":[{"embeddable":true,"href":"https:\/\/francophone.port.ac.uk\/index.php?rest_route=\/wp\/v2\/users\/9"}],"replies":[{"embeddable":true,"href":"https:\/\/francophone.port.ac.uk\/index.php?rest_route=%2Fwp%2Fv2%2Fcomments&post=1878"}],"version-history":[{"count":2,"href":"https:\/\/francophone.port.ac.uk\/index.php?rest_route=\/wp\/v2\/posts\/1878\/revisions"}],"predecessor-version":[{"id":1880,"href":"https:\/\/francophone.port.ac.uk\/index.php?rest_route=\/wp\/v2\/posts\/1878\/revisions\/1880"}],"wp:attachment":[{"href":"https:\/\/francophone.port.ac.uk\/index.php?rest_route=%2Fwp%2Fv2%2Fmedia&parent=1878"}],"wp:term":[{"taxonomy":"category","embeddable":true,"href":"https:\/\/francophone.port.ac.uk\/index.php?rest_route=%2Fwp%2Fv2%2Fcategories&post=1878"},{"taxonomy":"post_tag","embeddable":true,"href":"https:\/\/francophone.port.ac.uk\/index.php?rest_route=%2Fwp%2Fv2%2Ftags&post=1878"}],"curies":[{"name":"wp","href":"https:\/\/api.w.org\/{rel}","templated":true}]}}