{"id":1905,"date":"2018-06-01T19:30:40","date_gmt":"2018-06-01T18:30:40","guid":{"rendered":"http:\/\/francophone.port.ac.uk\/?p=1905"},"modified":"2018-06-01T19:30:40","modified_gmt":"2018-06-01T18:30:40","slug":"la-demographie-politique-du-conflit-au-mali","status":"publish","type":"post","link":"https:\/\/francophone.port.ac.uk\/?p=1905","title":{"rendered":"La D\u00e9mographie Politique du Conflit au Mali"},"content":{"rendered":"<p>Cette \u00e9tude examine la relation entre les confits et les tendances d\u00e9mographiques au Mali &#8211; notamment la f\u00e9condit\u00e9, la mortalit\u00e9 et la migration. La d\u00e9mographie du Mali est similaire \u00e0 celle des pays voisins, le Niger, le Burkina Faso et la Guin\u00e9e, et ref\u00e8te des tendances plus larges \u00e0 travers l\u2019Afrique subsaharienne : croissance d\u00e9mographique rapide, taux de f\u00e9condit\u00e9 \u00e9lev\u00e9s, services gouvernementaux m\u00e9diocres et une augmentation de la population jeune urbaine au ch\u00f4mage. Ces facteurs agr\u00e9g\u00e9s peuvent exposer un pays \u00e0 un plus grand risque de confit, mais, contrairement aux attentes, ils n\u2019offrent pas r\u00e9ellement une explication causale au conflit au Mali.<\/p>\n<p><strong><a href=\"https:\/\/dandurand.uqam.ca\/wp-content\/uploads\/sites\/3\/2018\/05\/2018_06_Demographie-politique-Mali_Leuprecht_Roseberry.pdf\">Read more<\/a><\/strong><\/p>\n<p>Originally published on <strong><a href=\"https:\/\/dandurand.uqam.ca\/wp-content\/uploads\/sites\/3\/2018\/05\/2018_06_Demographie-politique-Mali_Leuprecht_Roseberry.pdf\">UQAM<\/a><\/strong><\/p>\n","protected":false},"excerpt":{"rendered":"<p>Cette \u00e9tude examine la relation entre les confits et les tendances d\u00e9mographiques au Mali &#8211; notamment la f\u00e9condit\u00e9, la mortalit\u00e9 et la migration. La d\u00e9mographie du Mali est similaire \u00e0 celle des pays voisins, le Niger, le Burkina Faso et &hellip; <a href=\"https:\/\/francophone.port.ac.uk\/?p=1905\">Continue reading <span class=\"meta-nav\">&rarr;<\/span><\/a><\/p>\n","protected":false},"author":9,"featured_media":0,"comment_status":"open","ping_status":"open","sticky":false,"template":"","format":"standard","meta":{"jetpack_post_was_ever_published":false,"_jetpack_newsletter_access":"","_jetpack_dont_email_post_to_subs":false,"_jetpack_newsletter_tier_id":0,"_jetpack_memberships_contains_paywalled_content":false,"_jetpack_memberships_contains_paid_content":false,"footnotes":""},"categories":[3],"tags":[423,520,72,521],"class_list":["post-1905","post","type-post","status-publish","format-standard","hentry","category-blogs","tag-conflict","tag-demography","tag-mali","tag-trends"],"jetpack_featured_media_url":"","jetpack_sharing_enabled":true,"_links":{"self":[{"href":"https:\/\/francophone.port.ac.uk\/index.php?rest_route=\/wp\/v2\/posts\/1905","targetHints":{"allow":["GET"]}}],"collection":[{"href":"https:\/\/francophone.port.ac.uk\/index.php?rest_route=\/wp\/v2\/posts"}],"about":[{"href":"https:\/\/francophone.port.ac.uk\/index.php?rest_route=\/wp\/v2\/types\/post"}],"author":[{"embeddable":true,"href":"https:\/\/francophone.port.ac.uk\/index.php?rest_route=\/wp\/v2\/users\/9"}],"replies":[{"embeddable":true,"href":"https:\/\/francophone.port.ac.uk\/index.php?rest_route=%2Fwp%2Fv2%2Fcomments&post=1905"}],"version-history":[{"count":1,"href":"https:\/\/francophone.port.ac.uk\/index.php?rest_route=\/wp\/v2\/posts\/1905\/revisions"}],"predecessor-version":[{"id":1906,"href":"https:\/\/francophone.port.ac.uk\/index.php?rest_route=\/wp\/v2\/posts\/1905\/revisions\/1906"}],"wp:attachment":[{"href":"https:\/\/francophone.port.ac.uk\/index.php?rest_route=%2Fwp%2Fv2%2Fmedia&parent=1905"}],"wp:term":[{"taxonomy":"category","embeddable":true,"href":"https:\/\/francophone.port.ac.uk\/index.php?rest_route=%2Fwp%2Fv2%2Fcategories&post=1905"},{"taxonomy":"post_tag","embeddable":true,"href":"https:\/\/francophone.port.ac.uk\/index.php?rest_route=%2Fwp%2Fv2%2Ftags&post=1905"}],"curies":[{"name":"wp","href":"https:\/\/api.w.org\/{rel}","templated":true}]}}