{"id":1913,"date":"2018-06-15T09:38:23","date_gmt":"2018-06-15T08:38:23","guid":{"rendered":"http:\/\/francophone.port.ac.uk\/?p=1913"},"modified":"2018-06-15T09:38:23","modified_gmt":"2018-06-15T08:38:23","slug":"au-cameroun-la-sale-guerre-derriere-la-crise-anglophone","status":"publish","type":"post","link":"https:\/\/francophone.port.ac.uk\/?p=1913","title":{"rendered":"Au Cameroun, la sale guerre derri\u00e8re la \u00abcrise anglophone\u00bb"},"content":{"rendered":"<p class=\"article-standfirst read-left-padding\"><em>Amnesty International a enqu\u00eat\u00e9 sur les violations des droits humains commises par les forces de s\u00e9curit\u00e9 camerounaises et les groupes arm\u00e9s s\u00e9paratistes dans les r\u00e9gions anglophones.<\/em><\/p>\n<p>C\u2019est une fracture jamais soign\u00e9e, qui a d\u00e9g\u00e9n\u00e9r\u00e9 et donne aujourd\u2019hui la fi\u00e8vre \u00e0 tout un pays. La \u00abcrise anglophone\u00bb, ainsi qu\u2019elle est d\u00e9sign\u00e9e depuis octobre 2016, a entra\u00een\u00e9 le Cameroun dans un cycle de violences de plus en plus meurtri\u00e8res. La brutale r\u00e9pression, par les autorit\u00e9s, des militants des r\u00e9gions anglophones a pouss\u00e9 la frange la plus radicale du mouvement \u00e0 s\u2019armer et \u00e0 lancer des actions de repr\u00e9sailles. La d\u00e9claration unilat\u00e9rale d\u2019ind\u00e9pendance de la \u00abR\u00e9publique f\u00e9d\u00e9rale d\u2019Amabazonie\u00bb, coup d\u2019\u00e9clat symbolique des s\u00e9paratistes, le 1<sup>er<\/sup>\u00a0octobre, a en particulier d\u00e9cha\u00een\u00e9 la fureur de l\u2019Etat central. Amnesty International publie ce mardi\u00a0<a href=\"https:\/\/www.amnesty.org\/fr\/latest\/news\/2018\/06\/cameroon-anglophone-regions-gripped-by-deadly-violence\/\" target=\"_blank\" rel=\"noopener\">un rapport d\u00e9taill\u00e9 sur la\u00a0<em>\u00abtournure tragique\u00bb<\/em><\/a>\u00a0(c\u2019est le titre de la publication) des \u00e9v\u00e9nements, qui ont provoqu\u00e9 le d\u00e9placement de plus de 160\u00a0000 personnes, dont au moins 34\u00a0000 au Nigeria voisin.<\/p>\n<p><strong><a href=\"http:\/\/www.liberation.fr\/planete\/2018\/06\/12\/au-cameroun-la-sale-guerre-derriere-la-crise-anglophone_1658321\">Read more<\/a><\/strong><\/p>\n<p>Originally published on\u00a0<strong><a href=\"http:\/\/www.liberation.fr\/planete\/2018\/06\/12\/au-cameroun-la-sale-guerre-derriere-la-crise-anglophone_1658321\">Lib\u00e9ration<\/a><\/strong><\/p>\n","protected":false},"excerpt":{"rendered":"<p>Amnesty International a enqu\u00eat\u00e9 sur les violations des droits humains commises par les forces de s\u00e9curit\u00e9 camerounaises et les groupes arm\u00e9s s\u00e9paratistes dans les r\u00e9gions anglophones. C\u2019est une fracture jamais soign\u00e9e, qui a d\u00e9g\u00e9n\u00e9r\u00e9 et donne aujourd\u2019hui la fi\u00e8vre \u00e0 &hellip; <a href=\"https:\/\/francophone.port.ac.uk\/?p=1913\">Continue reading <span class=\"meta-nav\">&rarr;<\/span><\/a><\/p>\n","protected":false},"author":9,"featured_media":0,"comment_status":"open","ping_status":"open","sticky":false,"template":"","format":"standard","meta":{"jetpack_post_was_ever_published":false,"_jetpack_newsletter_access":"","_jetpack_dont_email_post_to_subs":false,"_jetpack_newsletter_tier_id":0,"_jetpack_memberships_contains_paywalled_content":false,"_jetpack_memberships_contains_paid_content":false,"footnotes":""},"categories":[3],"tags":[527,246,529,528],"class_list":["post-1913","post","type-post","status-publish","format-standard","hentry","category-blogs","tag-amnesty-international","tag-cameroun","tag-human-rights-violation","tag-separatist-movement"],"jetpack_featured_media_url":"","jetpack_sharing_enabled":true,"_links":{"self":[{"href":"https:\/\/francophone.port.ac.uk\/index.php?rest_route=\/wp\/v2\/posts\/1913","targetHints":{"allow":["GET"]}}],"collection":[{"href":"https:\/\/francophone.port.ac.uk\/index.php?rest_route=\/wp\/v2\/posts"}],"about":[{"href":"https:\/\/francophone.port.ac.uk\/index.php?rest_route=\/wp\/v2\/types\/post"}],"author":[{"embeddable":true,"href":"https:\/\/francophone.port.ac.uk\/index.php?rest_route=\/wp\/v2\/users\/9"}],"replies":[{"embeddable":true,"href":"https:\/\/francophone.port.ac.uk\/index.php?rest_route=%2Fwp%2Fv2%2Fcomments&post=1913"}],"version-history":[{"count":1,"href":"https:\/\/francophone.port.ac.uk\/index.php?rest_route=\/wp\/v2\/posts\/1913\/revisions"}],"predecessor-version":[{"id":1914,"href":"https:\/\/francophone.port.ac.uk\/index.php?rest_route=\/wp\/v2\/posts\/1913\/revisions\/1914"}],"wp:attachment":[{"href":"https:\/\/francophone.port.ac.uk\/index.php?rest_route=%2Fwp%2Fv2%2Fmedia&parent=1913"}],"wp:term":[{"taxonomy":"category","embeddable":true,"href":"https:\/\/francophone.port.ac.uk\/index.php?rest_route=%2Fwp%2Fv2%2Fcategories&post=1913"},{"taxonomy":"post_tag","embeddable":true,"href":"https:\/\/francophone.port.ac.uk\/index.php?rest_route=%2Fwp%2Fv2%2Ftags&post=1913"}],"curies":[{"name":"wp","href":"https:\/\/api.w.org\/{rel}","templated":true}]}}