{"id":1916,"date":"2018-06-20T12:06:16","date_gmt":"2018-06-20T11:06:16","guid":{"rendered":"http:\/\/francophone.port.ac.uk\/?p=1916"},"modified":"2018-06-20T12:06:16","modified_gmt":"2018-06-20T11:06:16","slug":"au-rwanda-la-transformation-agricole-a-marche-forcee","status":"publish","type":"post","link":"https:\/\/francophone.port.ac.uk\/?p=1916","title":{"rendered":"Au Rwanda, la transformation agricole \u00e0 marche forc\u00e9e"},"content":{"rendered":"<p><em>Semences, intrants, quotas\u2026 Depuis dix ans, l\u2019Etat encadre de pr\u00e8s l\u2019agriculture pour augmenter les rendements, au risque de fragiliser les paysans les plus pauvres.<\/em><\/p>\n<p class=\"taille_courante\">Face aux eaux bleut\u00e9es et paisibles du lac Kivu, les collines sculpt\u00e9es en terrasses paraissent inertes, presque inanim\u00e9es. L\u00e0-haut pourtant, des machines tournent \u00e0 plein r\u00e9gime. Les sols volcaniques du district de Rutsiro, dans l\u2019ouest du Rwanda, servent \u00e0\u00a0cultiver\u00a0du caf\u00e9 arabica, qui remplira des tasses \u00e0 Londres ou \u00e0 New York.<em>\u00a0\u00ab\u00a0Il y a vingt ans, on ne produisait m\u00eame pas dix tonnes par an. L\u2019ann\u00e9e derni\u00e8re, on \u00e9tait \u00e0 1\u00a0500\u00a0\u00bb<\/em>, se f\u00e9licite Gervais Kayitare, directeur technique de la coop\u00e9rative Kopakama, cr\u00e9\u00e9e en\u00a01998, quatre ans apr\u00e8s le g\u00e9nocide des Tutsi qui a fait 800\u00a0000\u00a0morts selon l\u2019ONU.\u00a0<em>\u00ab\u00a0A l\u2019\u00e9poque, toutes les plantations de caf\u00e9 avaient \u00e9t\u00e9 d\u00e9truites. Il a fallu\u00a0repartir\u00a0de z\u00e9ro.\u00a0\u00bb<\/em><\/p>\n<p>Incit\u00e9s par le gouvernement \u00e0\u00a0r\u00e9unir\u00a0leurs microparcelles familiales pour\u00a0augmenter\u00a0leurs rendements, les 48\u00a0petits fermiers qui vivaient auparavant avec moins de 5\u00a0euros par mois sont devenus des hommes et des femmes d\u2019affaires.\u00a0<em>\u00ab\u00a0Nous exportons au Royaume-Uni et aux Etats-Unis. Notre caf\u00e9 est labellis\u00e9 \u201ccommerce \u00e9quitable\u201d et nous visons la certification biologique\u00a0\u00bb<\/em>, ajoute fi\u00e8rement M.\u00a0Kayitare.<\/p>\n<p><strong><a href=\"https:\/\/www.lemonde.fr\/afrique\/article\/2018\/06\/14\/au-rwanda-une-revolution-verte-a-marche-forcee_5315138_3212.html\">Read more<\/a><\/strong><\/p>\n<p>Originally published on <strong><a href=\"https:\/\/www.lemonde.fr\/afrique\/article\/2018\/06\/14\/au-rwanda-une-revolution-verte-a-marche-forcee_5315138_3212.html\">Le Monde Afrique<\/a><\/strong><\/p>\n","protected":false},"excerpt":{"rendered":"<p>Semences, intrants, quotas\u2026 Depuis dix ans, l\u2019Etat encadre de pr\u00e8s l\u2019agriculture pour augmenter les rendements, au risque de fragiliser les paysans les plus pauvres. Face aux eaux bleut\u00e9es et paisibles du lac Kivu, les collines sculpt\u00e9es en terrasses paraissent inertes, &hellip; <a href=\"https:\/\/francophone.port.ac.uk\/?p=1916\">Continue reading <span class=\"meta-nav\">&rarr;<\/span><\/a><\/p>\n","protected":false},"author":9,"featured_media":0,"comment_status":"open","ping_status":"open","sticky":false,"template":"","format":"standard","meta":{"jetpack_post_was_ever_published":false,"_jetpack_newsletter_access":"","_jetpack_dont_email_post_to_subs":false,"_jetpack_newsletter_tier_id":0,"_jetpack_memberships_contains_paywalled_content":false,"_jetpack_memberships_contains_paid_content":false,"footnotes":""},"categories":[3],"tags":[325,532,531,530],"class_list":["post-1916","post","type-post","status-publish","format-standard","hentry","category-blogs","tag-agriculture","tag-programme-dintensification-des-cultures","tag-revolution-verte","tag-rwanda"],"jetpack_featured_media_url":"","jetpack_sharing_enabled":true,"_links":{"self":[{"href":"https:\/\/francophone.port.ac.uk\/index.php?rest_route=\/wp\/v2\/posts\/1916","targetHints":{"allow":["GET"]}}],"collection":[{"href":"https:\/\/francophone.port.ac.uk\/index.php?rest_route=\/wp\/v2\/posts"}],"about":[{"href":"https:\/\/francophone.port.ac.uk\/index.php?rest_route=\/wp\/v2\/types\/post"}],"author":[{"embeddable":true,"href":"https:\/\/francophone.port.ac.uk\/index.php?rest_route=\/wp\/v2\/users\/9"}],"replies":[{"embeddable":true,"href":"https:\/\/francophone.port.ac.uk\/index.php?rest_route=%2Fwp%2Fv2%2Fcomments&post=1916"}],"version-history":[{"count":1,"href":"https:\/\/francophone.port.ac.uk\/index.php?rest_route=\/wp\/v2\/posts\/1916\/revisions"}],"predecessor-version":[{"id":1917,"href":"https:\/\/francophone.port.ac.uk\/index.php?rest_route=\/wp\/v2\/posts\/1916\/revisions\/1917"}],"wp:attachment":[{"href":"https:\/\/francophone.port.ac.uk\/index.php?rest_route=%2Fwp%2Fv2%2Fmedia&parent=1916"}],"wp:term":[{"taxonomy":"category","embeddable":true,"href":"https:\/\/francophone.port.ac.uk\/index.php?rest_route=%2Fwp%2Fv2%2Fcategories&post=1916"},{"taxonomy":"post_tag","embeddable":true,"href":"https:\/\/francophone.port.ac.uk\/index.php?rest_route=%2Fwp%2Fv2%2Ftags&post=1916"}],"curies":[{"name":"wp","href":"https:\/\/api.w.org\/{rel}","templated":true}]}}