{"id":1924,"date":"2018-07-05T16:51:28","date_gmt":"2018-07-05T15:51:28","guid":{"rendered":"http:\/\/francophone.port.ac.uk\/?p=1924"},"modified":"2018-07-05T16:51:28","modified_gmt":"2018-07-05T15:51:28","slug":"innover-dans-la-gouvernance-maintenant-et-se-stabiliser-cest-le-defi-pour-un-nouveau-mali","status":"publish","type":"post","link":"https:\/\/francophone.port.ac.uk\/?p=1924","title":{"rendered":"Innover dans la gouvernance maintenant et se stabiliser, c\u2019est le d\u00e9fi pour un nouveau Mali"},"content":{"rendered":"<p>Malgr\u00e9 les doutes qui persistent sur l\u2019int\u00e9grit\u00e9 du territoire, les Maliens n\u2019auront pas le choix, ils vont devoir \u00e9lire un des candidats \u00e0 la pr\u00e9sidence de la R\u00e9publique. Ce qui n\u2019\u00e9tait pas forc\u00e9ment la seule perspective, il y a deux mois. En effet, des personnalit\u00e9s politiques maliennes, adversaires du chef de l\u2019\u00c9tat actuel, des intellectuels proposaient par m\u00e9dias interpos\u00e9s le report du scrutin pr\u00e9sidentiel.<\/p>\n<p>Parmi ce lot d\u2019acteurs, certains voulaient passer par d\u2019autres modalit\u00e9s d\u2019\u00e9lections au regard de la situation s\u00e9curitaire qui pr\u00e9vaut dans le nord et le centre du pays pour l\u2019essentiel. Le vote par l\u2019Assembl\u00e9e nationale d\u2019un leader a \u00e9t\u00e9 notamment \u00e9voqu\u00e9. Mais finalement, rien n\u2019emp\u00eachera les Maliens de voter le 29 juillet pour le premier tour du scrutin pr\u00e9sidentiel.<\/p>\n<p><strong><a href=\"https:\/\/www.wathi.org\/election-mali-2018\/opinion-election-mali-2018\/innover-dans-la-gouvernance-maintenant-et-se-stabiliser-cest-le-defi-pour-un-nouveau-mali\/\">Read more<\/a><\/strong><\/p>\n<p>Originally published on <strong><a href=\"https:\/\/www.wathi.org\/election-mali-2018\/opinion-election-mali-2018\/innover-dans-la-gouvernance-maintenant-et-se-stabiliser-cest-le-defi-pour-un-nouveau-mali\/\">WATHI<\/a><\/strong><\/p>\n","protected":false},"excerpt":{"rendered":"<p>Malgr\u00e9 les doutes qui persistent sur l\u2019int\u00e9grit\u00e9 du territoire, les Maliens n\u2019auront pas le choix, ils vont devoir \u00e9lire un des candidats \u00e0 la pr\u00e9sidence de la R\u00e9publique. Ce qui n\u2019\u00e9tait pas forc\u00e9ment la seule perspective, il y a deux &hellip; <a href=\"https:\/\/francophone.port.ac.uk\/?p=1924\">Continue reading <span class=\"meta-nav\">&rarr;<\/span><\/a><\/p>\n","protected":false},"author":9,"featured_media":0,"comment_status":"open","ping_status":"open","sticky":false,"template":"","format":"standard","meta":{"jetpack_post_was_ever_published":false,"_jetpack_newsletter_access":"","_jetpack_dont_email_post_to_subs":false,"_jetpack_newsletter_tier_id":0,"_jetpack_memberships_contains_paywalled_content":false,"_jetpack_memberships_contains_paid_content":false,"footnotes":""},"categories":[3],"tags":[544,136,72,545],"class_list":["post-1924","post","type-post","status-publish","format-standard","hentry","category-blogs","tag-544","tag-elections","tag-mali","tag-presidential-elections"],"jetpack_featured_media_url":"","jetpack_sharing_enabled":true,"_links":{"self":[{"href":"https:\/\/francophone.port.ac.uk\/index.php?rest_route=\/wp\/v2\/posts\/1924","targetHints":{"allow":["GET"]}}],"collection":[{"href":"https:\/\/francophone.port.ac.uk\/index.php?rest_route=\/wp\/v2\/posts"}],"about":[{"href":"https:\/\/francophone.port.ac.uk\/index.php?rest_route=\/wp\/v2\/types\/post"}],"author":[{"embeddable":true,"href":"https:\/\/francophone.port.ac.uk\/index.php?rest_route=\/wp\/v2\/users\/9"}],"replies":[{"embeddable":true,"href":"https:\/\/francophone.port.ac.uk\/index.php?rest_route=%2Fwp%2Fv2%2Fcomments&post=1924"}],"version-history":[{"count":1,"href":"https:\/\/francophone.port.ac.uk\/index.php?rest_route=\/wp\/v2\/posts\/1924\/revisions"}],"predecessor-version":[{"id":1925,"href":"https:\/\/francophone.port.ac.uk\/index.php?rest_route=\/wp\/v2\/posts\/1924\/revisions\/1925"}],"wp:attachment":[{"href":"https:\/\/francophone.port.ac.uk\/index.php?rest_route=%2Fwp%2Fv2%2Fmedia&parent=1924"}],"wp:term":[{"taxonomy":"category","embeddable":true,"href":"https:\/\/francophone.port.ac.uk\/index.php?rest_route=%2Fwp%2Fv2%2Fcategories&post=1924"},{"taxonomy":"post_tag","embeddable":true,"href":"https:\/\/francophone.port.ac.uk\/index.php?rest_route=%2Fwp%2Fv2%2Ftags&post=1924"}],"curies":[{"name":"wp","href":"https:\/\/api.w.org\/{rel}","templated":true}]}}