{"id":1939,"date":"2018-07-30T16:52:50","date_gmt":"2018-07-30T15:52:50","guid":{"rendered":"http:\/\/francophone.port.ac.uk\/?p=1939"},"modified":"2018-07-30T16:52:50","modified_gmt":"2018-07-30T15:52:50","slug":"terrorisme-reconciliation-nationale-climat-socio-economique-le-mali-a-la-croisee-des-chemins","status":"publish","type":"post","link":"https:\/\/francophone.port.ac.uk\/?p=1939","title":{"rendered":"Terrorisme, r\u00e9conciliation nationale, climat socio-\u00e9conomique : le Mali \u00e0 la crois\u00e9e des chemins"},"content":{"rendered":"<p>Au cours des six premiers mois de 2018, le Mali a connu une recrudescence des actes terroristes malgr\u00e9 le d\u00e9ploiement d\u2019un dispositif militaire cons\u00e9quent depuis l\u2019intervention fran\u00e7aise en janvier 2013 contre\u00a0<a href=\"https:\/\/francais.rt.com\/international\/48553-chef-dal-qaida-appelle-maghrebins-attaquer-soldats-francais-sahel\">Al-Qa\u00efda au Maghreb islamique (AQMI)<\/a>\u00a0et le mouvement pour l\u2019unicit\u00e9 et le djihad en Afrique de l\u2019Ouest (Mujao).\u00a0<a href=\"https:\/\/minusma.unmissions.org\/sites\/default\/files\/180606_sg_report_on_mali_french_.pdf\">Dans son dernier rapport trimestriel sur le Mali<\/a>, le secr\u00e9taire g\u00e9n\u00e9ral de l\u2019ONU a fait part de sa pr\u00e9occupation sur l\u2019\u00e9volution de la situation s\u00e9curitaire notamment dans le centre du pays.<\/p>\n<p>&#8220;Depuis le d\u00e9but de 2018, le nombre d\u2019attaques perp\u00e9tr\u00e9es au moyen d\u2019engins explosifs improvis\u00e9s a presque doubl\u00e9 par rapport \u00e0 la m\u00eame p\u00e9riode en 2017 &#8221;<\/p>\n<p>\u00abJe suis pr\u00e9occup\u00e9 par la d\u00e9t\u00e9rioration continue des conditions de s\u00e9curit\u00e9 au centre du Mali, caract\u00e9ris\u00e9e par une plus grande complexit\u00e9 des attaques contre la Minusma [Mission multidimensionnelle des Nations unies pour la stabilisation du Mali], les forces arm\u00e9es maliennes et les forces internationales, un nombre exceptionnel de victimes civiles et une augmentation des conflits intercommunautaires\u00bb, s\u2019est-il alarm\u00e9.<\/p>\n<p>&nbsp;<\/p>\n<p><strong><a href=\"http:\/\/timbuktu-institute.org\/index.php\/component\/k2\/item\/228-terrorisme-reconciliation-nationale-climat-socio-economique-le-mali-a-la-croisee-des-chemins\">Read more<\/a><\/strong><\/p>\n<p>Originally published on <strong><a href=\"http:\/\/timbuktu-institute.org\/index.php\/component\/k2\/item\/228-terrorisme-reconciliation-nationale-climat-socio-economique-le-mali-a-la-croisee-des-chemins\">Timbuktu Institute<\/a><\/strong><\/p>\n","protected":false},"excerpt":{"rendered":"<p>Au cours des six premiers mois de 2018, le Mali a connu une recrudescence des actes terroristes malgr\u00e9 le d\u00e9ploiement d\u2019un dispositif militaire cons\u00e9quent depuis l\u2019intervention fran\u00e7aise en janvier 2013 contre\u00a0Al-Qa\u00efda au Maghreb islamique (AQMI)\u00a0et le mouvement pour l\u2019unicit\u00e9 et &hellip; <a href=\"https:\/\/francophone.port.ac.uk\/?p=1939\">Continue reading <span class=\"meta-nav\">&rarr;<\/span><\/a><\/p>\n","protected":false},"author":9,"featured_media":0,"comment_status":"open","ping_status":"open","sticky":false,"template":"","format":"standard","meta":{"jetpack_post_was_ever_published":false,"_jetpack_newsletter_access":"","_jetpack_dont_email_post_to_subs":false,"_jetpack_newsletter_tier_id":0,"_jetpack_memberships_contains_paywalled_content":false,"_jetpack_memberships_contains_paid_content":false,"footnotes":""},"categories":[3],"tags":[72,71,545,406,552,420],"class_list":["post-1939","post","type-post","status-publish","format-standard","hentry","category-blogs","tag-mali","tag-minusma","tag-presidential-elections","tag-terrorism","tag-un","tag-violence"],"jetpack_featured_media_url":"","jetpack_sharing_enabled":true,"_links":{"self":[{"href":"https:\/\/francophone.port.ac.uk\/index.php?rest_route=\/wp\/v2\/posts\/1939","targetHints":{"allow":["GET"]}}],"collection":[{"href":"https:\/\/francophone.port.ac.uk\/index.php?rest_route=\/wp\/v2\/posts"}],"about":[{"href":"https:\/\/francophone.port.ac.uk\/index.php?rest_route=\/wp\/v2\/types\/post"}],"author":[{"embeddable":true,"href":"https:\/\/francophone.port.ac.uk\/index.php?rest_route=\/wp\/v2\/users\/9"}],"replies":[{"embeddable":true,"href":"https:\/\/francophone.port.ac.uk\/index.php?rest_route=%2Fwp%2Fv2%2Fcomments&post=1939"}],"version-history":[{"count":1,"href":"https:\/\/francophone.port.ac.uk\/index.php?rest_route=\/wp\/v2\/posts\/1939\/revisions"}],"predecessor-version":[{"id":1940,"href":"https:\/\/francophone.port.ac.uk\/index.php?rest_route=\/wp\/v2\/posts\/1939\/revisions\/1940"}],"wp:attachment":[{"href":"https:\/\/francophone.port.ac.uk\/index.php?rest_route=%2Fwp%2Fv2%2Fmedia&parent=1939"}],"wp:term":[{"taxonomy":"category","embeddable":true,"href":"https:\/\/francophone.port.ac.uk\/index.php?rest_route=%2Fwp%2Fv2%2Fcategories&post=1939"},{"taxonomy":"post_tag","embeddable":true,"href":"https:\/\/francophone.port.ac.uk\/index.php?rest_route=%2Fwp%2Fv2%2Ftags&post=1939"}],"curies":[{"name":"wp","href":"https:\/\/api.w.org\/{rel}","templated":true}]}}