{"id":1956,"date":"2018-08-21T09:16:14","date_gmt":"2018-08-21T08:16:14","guid":{"rendered":"http:\/\/francophone.port.ac.uk\/?p=1956"},"modified":"2018-08-21T09:16:38","modified_gmt":"2018-08-21T08:16:38","slug":"en-tunisie-le-chef-de-letat-lance-la-bataille-pour-legalite-dans-lheritage","status":"publish","type":"post","link":"https:\/\/francophone.port.ac.uk\/?p=1956","title":{"rendered":"En Tunisie, le chef de l\u2019Etat lance la bataille pour l\u2019\u00e9galit\u00e9 dans l\u2019h\u00e9ritage"},"content":{"rendered":"<p><em>B\u00e9ji Ca\u00efd Essebsi a demand\u00e9 au Parlement de se saisir d\u2019un projet de loi r\u00e9formant le droit successoral, au risque de raviver le conflit entre modernistes et islamistes.<\/em><\/p>\n<p class=\"taille_courante\">Ils, elles, avaient promis de se\u00a0dresser\u00a0\u00e0 nouveau contre \u00ab<em>\u00a0l\u2019obscurantisme\u00a0\u00bb<\/em>. Lundi 13\u00a0ao\u00fbt, \u00e0 l\u2019heure o\u00f9 la fin de l\u2019apr\u00e8s-midi commence \u00e0\u00a0d\u00e9garnir\u00a0les plages, l\u2019avenue Bourguiba, au c\u0153ur de Tunis, a renou\u00e9 avec la chaude ambiance des slogans et des vivats. \u00ab<em>\u00a0Stop the war on women<\/em>\u00a0\u00bb (\u00ab\u00a0Arr\u00eatez la guerre contre les femmes\u00a0\u00bb), enjoint une pancarte brandie au-dessus des manifestants drap\u00e9s dans les couleurs tunisiennes. La foule n\u2019est pas massive\u00a0: au mieux 3\u00a0000 manifestants. Mais le c\u0153ur y est pour\u00a0soutenir\u00a0<em>\u00ab\u00a0l\u2019\u00e9galit\u00e9\u00a0\u00bb<\/em>\u00a0dans l\u2019h\u00e9ritage, la grande affaire qui divise en ce moment les Tunisiens.<\/p>\n<p>Quelques heures plus t\u00f4t, en son palais de Carthage, au nord de Tunis, le chef de l\u2019Etat B\u00e9ji Ca\u00efd Essebsi avait officialis\u00e9 sa position personnelle sur le sujet\u00a0: la Tunisie doit\u00a0entrer\u00a0dans l\u2019\u00e2ge de l\u2019\u00e9galit\u00e9 entre hommes et femmes en mati\u00e8re d\u2019h\u00e9ritage. Lors d\u2019un discours solennel prononc\u00e9 \u00e0 l\u2019occasion de la Journ\u00e9e de la femme\u00a0en Tunisie, il a plaid\u00e9 pour cette r\u00e9forme qu\u2019avaient jusque-l\u00e0 d\u00e9fendue en vain les f\u00e9ministes tunisiennes. Et appel\u00e9 l\u2019Assembl\u00e9e des repr\u00e9sentants du peuple (ARP, le Parlement tunisien) \u00e0 se\u00a0saisir\u00a0sans\u00a0tarder\u00a0d\u2019un projet de loi inscrivant cette \u00e9galit\u00e9 dans les faits.<\/p>\n<p><strong><a href=\"https:\/\/www.lemonde.fr\/afrique\/article\/2018\/08\/13\/pour-le-president-tunisien-hommes-et-femmes-doivent-etre-egaux-devant-l-heritage_5342012_3212.html\">Read more<\/a><\/strong><\/p>\n<p>Originally published on <strong><a href=\"https:\/\/www.lemonde.fr\/afrique\/article\/2018\/08\/13\/pour-le-president-tunisien-hommes-et-femmes-doivent-etre-egaux-devant-l-heritage_5342012_3212.html\">Le Monde<\/a><\/strong><\/p>\n","protected":false},"excerpt":{"rendered":"<p>B\u00e9ji Ca\u00efd Essebsi a demand\u00e9 au Parlement de se saisir d\u2019un projet de loi r\u00e9formant le droit successoral, au risque de raviver le conflit entre modernistes et islamistes. Ils, elles, avaient promis de se\u00a0dresser\u00a0\u00e0 nouveau contre \u00ab\u00a0l\u2019obscurantisme\u00a0\u00bb. Lundi 13\u00a0ao\u00fbt, \u00e0 &hellip; <a href=\"https:\/\/francophone.port.ac.uk\/?p=1956\">Continue reading <span class=\"meta-nav\">&rarr;<\/span><\/a><\/p>\n","protected":false},"author":9,"featured_media":0,"comment_status":"open","ping_status":"open","sticky":false,"template":"","format":"standard","meta":{"jetpack_post_was_ever_published":false,"_jetpack_newsletter_access":"","_jetpack_dont_email_post_to_subs":false,"_jetpack_newsletter_tier_id":0,"_jetpack_memberships_contains_paywalled_content":false,"_jetpack_memberships_contains_paid_content":false,"footnotes":""},"categories":[3],"tags":[565,564,482,563,567,566,562],"class_list":["post-1956","post","type-post","status-publish","format-standard","hentry","category-blogs","tag-droit-successoral","tag-femmes","tag-heritage","tag-hommes","tag-islamistes","tag-modernistes","tag-tunis"],"jetpack_featured_media_url":"","jetpack_sharing_enabled":true,"_links":{"self":[{"href":"https:\/\/francophone.port.ac.uk\/index.php?rest_route=\/wp\/v2\/posts\/1956","targetHints":{"allow":["GET"]}}],"collection":[{"href":"https:\/\/francophone.port.ac.uk\/index.php?rest_route=\/wp\/v2\/posts"}],"about":[{"href":"https:\/\/francophone.port.ac.uk\/index.php?rest_route=\/wp\/v2\/types\/post"}],"author":[{"embeddable":true,"href":"https:\/\/francophone.port.ac.uk\/index.php?rest_route=\/wp\/v2\/users\/9"}],"replies":[{"embeddable":true,"href":"https:\/\/francophone.port.ac.uk\/index.php?rest_route=%2Fwp%2Fv2%2Fcomments&post=1956"}],"version-history":[{"count":2,"href":"https:\/\/francophone.port.ac.uk\/index.php?rest_route=\/wp\/v2\/posts\/1956\/revisions"}],"predecessor-version":[{"id":1958,"href":"https:\/\/francophone.port.ac.uk\/index.php?rest_route=\/wp\/v2\/posts\/1956\/revisions\/1958"}],"wp:attachment":[{"href":"https:\/\/francophone.port.ac.uk\/index.php?rest_route=%2Fwp%2Fv2%2Fmedia&parent=1956"}],"wp:term":[{"taxonomy":"category","embeddable":true,"href":"https:\/\/francophone.port.ac.uk\/index.php?rest_route=%2Fwp%2Fv2%2Fcategories&post=1956"},{"taxonomy":"post_tag","embeddable":true,"href":"https:\/\/francophone.port.ac.uk\/index.php?rest_route=%2Fwp%2Fv2%2Ftags&post=1956"}],"curies":[{"name":"wp","href":"https:\/\/api.w.org\/{rel}","templated":true}]}}