{"id":1962,"date":"2018-08-31T10:08:50","date_gmt":"2018-08-31T09:08:50","guid":{"rendered":"http:\/\/francophone.port.ac.uk\/?p=1962"},"modified":"2018-08-31T10:08:50","modified_gmt":"2018-08-31T09:08:50","slug":"signature-dun-accord-de-defense-entre-la-rca-et-la-russie","status":"publish","type":"post","link":"https:\/\/francophone.port.ac.uk\/?p=1962","title":{"rendered":"Signature d\u2019un accord de d\u00e9fense entre la RCA et la Russie"},"content":{"rendered":"<p><em>La F\u00e9d\u00e9ration de Russie et la R\u00e9publique Centrafricaine ont sign\u00e9, mardi \u00e0 Moscou, un accord de coop\u00e9ration militaire, rapporte la Radio nationale centrafricaine dans son \u00e9dition de mercredi matin.<\/em><\/p>\n<p>Cet accord de d\u00e9fense pr\u00e9voit la formation des militaires centrafricains dans des acad\u00e9mies militaires russes et des assistances militaires entre les deux pays en cas d\u2019agression militaire \u00e9trang\u00e8re contre un.<\/p>\n<p>La Russie a obtenu une autorisation de livraison d\u2019armes aux Forces Arm\u00e9es Centrafricaines au mois de novembre dernier aupr\u00e8s du Conseil de S\u00e9curit\u00e9 des Nations Unies. Elle en profite pour former des militaires centrafricains.<\/p>\n<p>Cet accord de d\u00e9fense sign\u00e9 ce mardi entre Marie No\u00ebl Koyara, ministre centrafricaine de la D\u00e9fense et le ministre russe des Arm\u00e9es, Sergey Sheygu en marge d\u2019un forum sur l\u2019armement renforce les liens entre les deux pays dans le domaine de la s\u00e9curit\u00e9.<\/p>\n<p>La RCA, dont 80% de son territoire est occup\u00e9 par les rebelles, compte sur cet accord pour ramener peut \u00eatre par la force la paix dans alors que l\u2019Union Africaine essaie de r\u00e9unir autour de la table de n\u00e9gociation les autorit\u00e9s et les rebelles afin d\u2019enterrer la hache de guerre.<\/p>\n<p>Avec cet accord de d\u00e9fense, la RCA \u00e9largit sa coop\u00e9ration militaire dans le monde. Car, elle a sign\u00e9 des accords pareils avec l\u2019Afrique du Sud, la France entre autres.<\/p>\n<p>Originally published on <strong><a href=\"http:\/\/apanews.net\/news\/signature-dun-accord-de-defense-entre-la-rca-et-la-russie\">APA News<\/a><\/strong><\/p>\n","protected":false},"excerpt":{"rendered":"<p>La F\u00e9d\u00e9ration de Russie et la R\u00e9publique Centrafricaine ont sign\u00e9, mardi \u00e0 Moscou, un accord de coop\u00e9ration militaire, rapporte la Radio nationale centrafricaine dans son \u00e9dition de mercredi matin. Cet accord de d\u00e9fense pr\u00e9voit la formation des militaires centrafricains dans &hellip; <a href=\"https:\/\/francophone.port.ac.uk\/?p=1962\">Continue reading <span class=\"meta-nav\">&rarr;<\/span><\/a><\/p>\n","protected":false},"author":9,"featured_media":0,"comment_status":"open","ping_status":"open","sticky":false,"template":"","format":"standard","meta":{"jetpack_post_was_ever_published":false,"_jetpack_newsletter_access":"","_jetpack_dont_email_post_to_subs":false,"_jetpack_newsletter_tier_id":0,"_jetpack_memberships_contains_paywalled_content":false,"_jetpack_memberships_contains_paid_content":false,"footnotes":""},"categories":[3,2],"tags":[576,89,570,577,575],"class_list":["post-1962","post","type-post","status-publish","format-standard","hentry","category-blogs","category-news","tag-car","tag-cooperation","tag-defence","tag-militaty","tag-russia"],"jetpack_featured_media_url":"","jetpack_sharing_enabled":true,"_links":{"self":[{"href":"https:\/\/francophone.port.ac.uk\/index.php?rest_route=\/wp\/v2\/posts\/1962","targetHints":{"allow":["GET"]}}],"collection":[{"href":"https:\/\/francophone.port.ac.uk\/index.php?rest_route=\/wp\/v2\/posts"}],"about":[{"href":"https:\/\/francophone.port.ac.uk\/index.php?rest_route=\/wp\/v2\/types\/post"}],"author":[{"embeddable":true,"href":"https:\/\/francophone.port.ac.uk\/index.php?rest_route=\/wp\/v2\/users\/9"}],"replies":[{"embeddable":true,"href":"https:\/\/francophone.port.ac.uk\/index.php?rest_route=%2Fwp%2Fv2%2Fcomments&post=1962"}],"version-history":[{"count":1,"href":"https:\/\/francophone.port.ac.uk\/index.php?rest_route=\/wp\/v2\/posts\/1962\/revisions"}],"predecessor-version":[{"id":1963,"href":"https:\/\/francophone.port.ac.uk\/index.php?rest_route=\/wp\/v2\/posts\/1962\/revisions\/1963"}],"wp:attachment":[{"href":"https:\/\/francophone.port.ac.uk\/index.php?rest_route=%2Fwp%2Fv2%2Fmedia&parent=1962"}],"wp:term":[{"taxonomy":"category","embeddable":true,"href":"https:\/\/francophone.port.ac.uk\/index.php?rest_route=%2Fwp%2Fv2%2Fcategories&post=1962"},{"taxonomy":"post_tag","embeddable":true,"href":"https:\/\/francophone.port.ac.uk\/index.php?rest_route=%2Fwp%2Fv2%2Ftags&post=1962"}],"curies":[{"name":"wp","href":"https:\/\/api.w.org\/{rel}","templated":true}]}}