{"id":1972,"date":"2018-09-09T08:24:56","date_gmt":"2018-09-09T07:24:56","guid":{"rendered":"http:\/\/francophone.port.ac.uk\/?p=1972"},"modified":"2018-09-09T08:24:56","modified_gmt":"2018-09-09T07:24:56","slug":"grossesses-et-mariages-precoces-la-face-cachee-de-la-guerre-contre-boko-haram-au-cameroun","status":"publish","type":"post","link":"https:\/\/francophone.port.ac.uk\/?p=1972","title":{"rendered":"Grossesses et mariages pr\u00e9coces : la face cach\u00e9e de la guerre contre Boko Haram au Cameroun"},"content":{"rendered":"<p><em>Selon International Crisis Group, les habitants de l\u2019Extr\u00eame-Nord sont pris en \u00e9tau entre les djihadistes et les militaires.<\/em><\/p>\n<p class=\"taille_courante\"><strong>Tribune.<\/strong>\u00a0Dans la r\u00e9gion camerounaise de l\u2019Extr\u00eame-Nord, les forces de d\u00e9fense et de s\u00e9curit\u00e9 affrontent depuis 2014 le mouvement djihadiste Boko Haram, apparu au Nigeria. Au moins 1\u00a0900\u00a0civils et 200\u00a0militaires ont \u00e9t\u00e9 tu\u00e9s par Boko Haram, et l\u2019Extr\u00eame-Nord compte aujourd\u2019hui 240\u00a0000\u00a0d\u00e9plac\u00e9s internes. Mais ce sinistre \u00e9tat des lieux ne dit rien des probl\u00e8mes sociaux li\u00e9s au conflit, en particulier des grossesses adolescentes, des mariages d\u2019enfants et de la situation des enfants victimes de Boko Haram.<\/p>\n<p>A l\u2019occasion de travaux de recherche \u00e0 Maroua, Mokolo, Mora et Kousseri, en f\u00e9vrier et mars, portant sur les comit\u00e9s de vigilance et les combattants de Boko Haram qui se sont rendus, International Crisis Group (ICG) a pu\u00a0approfondir\u00a0son analyse de ces aspects g\u00e9n\u00e9ralement m\u00e9connus du conflit, auxquels le gouvernement camerounais comme les donateurs internationaux devraient\u00a0porter\u00a0une plus grande attention.<\/p>\n<p class=\"intertitre\"><strong>Des militaires en position de force<\/strong><\/p>\n<p>Avant le conflit, l\u2019Extr\u00eame-Nord \u00e9tait d\u00e9j\u00e0 l\u2019une des r\u00e9gions comptant le pourcentage le plus \u00e9lev\u00e9 de grossesses adolescentes et de mariages d\u2019enfants. Selon le Fonds des Nations unies pour la population (Fnuap), en\u00a02011, parmi les jeunes filles \u00e2g\u00e9es de 20 \u00e0 24\u00a0ans, 12,5\u00a0% avaient eu un premier enfant avant l\u2019\u00e2ge de 15\u00a0ans (contre 6,4\u00a0% \u00e0 l\u2019\u00e9chelle nationale) et 47,2\u00a0% avant 18\u00a0ans (contre 29,9\u00a0%).<\/p>\n<p>S\u2019agissant des mariages d\u2019enfants, selon le Fonds des Nations unies pour l\u2019enfance (Unicef), en\u00a02013, 31,9\u00a0% des jeunes filles de l\u2019Extr\u00eame-Nord \u00e9taient mari\u00e9es avant l\u2019\u00e2ge de 15\u00a0ans (contre 13,4\u00a0% \u00e0 l\u2019\u00e9chelle nationale) et 67,7\u00a0% avant 18\u00a0ans (contre 38,4\u00a0%). Depuis 2014, ces deux tendances s\u2019accentuent dans la r\u00e9gion alors qu\u2019elles reculent dans le reste du pays.<\/p>\n<p><strong><a href=\"https:\/\/www.lemonde.fr\/afrique\/article\/2018\/08\/22\/grossesses-et-mariages-precoces-la-face-cachee-de-la-guerre-contre-boko-haram-au-cameroun_5345027_3212.html\">Read more<\/a><\/strong><\/p>\n<p>Originally published on <a href=\"https:\/\/www.lemonde.fr\/afrique\/article\/2018\/08\/22\/grossesses-et-mariages-precoces-la-face-cachee-de-la-guerre-contre-boko-haram-au-cameroun_5345027_3212.html\"><strong>Le Monde<\/strong><\/a><\/p>\n","protected":false},"excerpt":{"rendered":"<p>Selon International Crisis Group, les habitants de l\u2019Extr\u00eame-Nord sont pris en \u00e9tau entre les djihadistes et les militaires. Tribune.\u00a0Dans la r\u00e9gion camerounaise de l\u2019Extr\u00eame-Nord, les forces de d\u00e9fense et de s\u00e9curit\u00e9 affrontent depuis 2014 le mouvement djihadiste Boko Haram, apparu &hellip; <a href=\"https:\/\/francophone.port.ac.uk\/?p=1972\">Continue reading <span class=\"meta-nav\">&rarr;<\/span><\/a><\/p>\n","protected":false},"author":9,"featured_media":0,"comment_status":"open","ping_status":"open","sticky":false,"template":"","format":"standard","meta":{"jetpack_post_was_ever_published":false,"_jetpack_newsletter_access":"","_jetpack_dont_email_post_to_subs":false,"_jetpack_newsletter_tier_id":0,"_jetpack_memberships_contains_paywalled_content":false,"_jetpack_memberships_contains_paid_content":false,"footnotes":""},"categories":[3],"tags":[385,246,579,580],"class_list":["post-1972","post","type-post","status-publish","format-standard","hentry","category-blogs","tag-boko-haram","tag-cameroun","tag-djihadistes","tag-militaires"],"jetpack_featured_media_url":"","jetpack_sharing_enabled":true,"_links":{"self":[{"href":"https:\/\/francophone.port.ac.uk\/index.php?rest_route=\/wp\/v2\/posts\/1972","targetHints":{"allow":["GET"]}}],"collection":[{"href":"https:\/\/francophone.port.ac.uk\/index.php?rest_route=\/wp\/v2\/posts"}],"about":[{"href":"https:\/\/francophone.port.ac.uk\/index.php?rest_route=\/wp\/v2\/types\/post"}],"author":[{"embeddable":true,"href":"https:\/\/francophone.port.ac.uk\/index.php?rest_route=\/wp\/v2\/users\/9"}],"replies":[{"embeddable":true,"href":"https:\/\/francophone.port.ac.uk\/index.php?rest_route=%2Fwp%2Fv2%2Fcomments&post=1972"}],"version-history":[{"count":1,"href":"https:\/\/francophone.port.ac.uk\/index.php?rest_route=\/wp\/v2\/posts\/1972\/revisions"}],"predecessor-version":[{"id":1973,"href":"https:\/\/francophone.port.ac.uk\/index.php?rest_route=\/wp\/v2\/posts\/1972\/revisions\/1973"}],"wp:attachment":[{"href":"https:\/\/francophone.port.ac.uk\/index.php?rest_route=%2Fwp%2Fv2%2Fmedia&parent=1972"}],"wp:term":[{"taxonomy":"category","embeddable":true,"href":"https:\/\/francophone.port.ac.uk\/index.php?rest_route=%2Fwp%2Fv2%2Fcategories&post=1972"},{"taxonomy":"post_tag","embeddable":true,"href":"https:\/\/francophone.port.ac.uk\/index.php?rest_route=%2Fwp%2Fv2%2Ftags&post=1972"}],"curies":[{"name":"wp","href":"https:\/\/api.w.org\/{rel}","templated":true}]}}