{"id":1976,"date":"2018-09-13T09:09:09","date_gmt":"2018-09-13T08:09:09","guid":{"rendered":"http:\/\/francophone.port.ac.uk\/?p=1976"},"modified":"2018-09-13T09:10:52","modified_gmt":"2018-09-13T08:10:52","slug":"la-francophonie-doit-en-finir-avec-la-geopolitique-et-se-recentrer-sur-la-langue-francaise","status":"publish","type":"post","link":"https:\/\/francophone.port.ac.uk\/?p=1976","title":{"rendered":"\u00ab La francophonie doit en finir avec la g\u00e9opolitique et se recentrer sur la langue fran\u00e7aise \u00bb"},"content":{"rendered":"<p><em>L\u2019\u00e9crivaine V\u00e9ronique Tadjo d\u00e9plore le bras de fer qui s\u2019annonce entre le Canada et le Rwanda pour le secr\u00e9tariat g\u00e9n\u00e9ral de l\u2019OIF.<\/em><\/p>\n<p class=\"taille_courante\">Apr\u00e8s le \u00ab\u00a0grand plan\u00a0\u00bb pour la francophonie que le pr\u00e9sident Emmanuel Macron a \u00e9nonc\u00e9 \u00e0 l\u2019Acad\u00e9mie fran\u00e7aise le 20\u00a0mars, on s\u2019attendait \u00e0 un renouvellement total du paysage. R\u00e9formes en profondeur, projets de grande envergure et vision mondiale de la langue fran\u00e7aise. H\u00e9las, la r\u00e9alit\u00e9 est tout autre. Sur le territoire fran\u00e7ais, les coupures budg\u00e9taires sont nombreuses dans le monde de la culture francophone. Nous avons encore en t\u00eate l\u2019annonce, en f\u00e9vier, de la fermeture du Tarmac, v\u00e9ritable vivier de la cr\u00e9ation th\u00e9\u00e2trale francophone en France. O\u00f9 en est le dossier\u00a0?<\/p>\n<p>Dans les pays hors Hexagone, la situation n\u2019est pas meilleure, comme l\u2019atteste une lettre ouverte \u00e0 Le\u00efla Slimani, \u00e9crivaine d\u2019origine marocaine, Prix Goncourt 2016 et repr\u00e9sentante personnelle d\u2019Emmanuel Macron pour la francophonie, apr\u00e8s la suppression du portefeuille minist\u00e9riel de la francophonie. Dans cette lettre, des professeurs tirent la sonnette d\u2019alarme face \u00e0 l\u2019annulation de 60\u00a0millions d\u2019euros du programme \u00ab\u00a0Diplomatie culturelle et d\u2019influence\u00a0\u00bb et une baisse de 11\u00a0% des subventions des Alliances fran\u00e7aises, tout en r\u00e9duisant la voilure budg\u00e9taire des \u00e9tablissements d\u2019enseignement du fran\u00e7ais \u00e0 l\u2019\u00e9tranger. Pour les signataires, dans de nombreux pays, ces d\u00e9cisions annoncent une d\u00e9gradation de la qualit\u00e9 des enseignements propos\u00e9s aux enfants scolaris\u00e9s dans les \u00e9coles fran\u00e7aises, qu\u2019ils soient fran\u00e7ais ou d\u2019autres nationalit\u00e9s, et certainement une augmentation des frais de scolarit\u00e9.<\/p>\n<p><strong><a href=\"https:\/\/www.lemonde.fr\/afrique\/article\/2018\/08\/30\/la-francophonie-doit-en-finir-avec-la-geopolitique-et-se-recentrer-sur-la-langue-francaise_5348045_3212.html\">Read more<\/a><\/strong><\/p>\n<p>Published on <strong><a href=\"https:\/\/www.lemonde.fr\/afrique\/article\/2018\/08\/30\/la-francophonie-doit-en-finir-avec-la-geopolitique-et-se-recentrer-sur-la-langue-francaise_5348045_3212.html\">Le Monde<\/a><\/strong><\/p>\n","protected":false},"excerpt":{"rendered":"<p>L\u2019\u00e9crivaine V\u00e9ronique Tadjo d\u00e9plore le bras de fer qui s\u2019annonce entre le Canada et le Rwanda pour le secr\u00e9tariat g\u00e9n\u00e9ral de l\u2019OIF. Apr\u00e8s le \u00ab\u00a0grand plan\u00a0\u00bb pour la francophonie que le pr\u00e9sident Emmanuel Macron a \u00e9nonc\u00e9 \u00e0 l\u2019Acad\u00e9mie fran\u00e7aise le &hellip; <a href=\"https:\/\/francophone.port.ac.uk\/?p=1976\">Continue reading <span class=\"meta-nav\">&rarr;<\/span><\/a><\/p>\n","protected":false},"author":9,"featured_media":0,"comment_status":"open","ping_status":"open","sticky":false,"template":"","format":"standard","meta":{"jetpack_post_was_ever_published":false,"_jetpack_newsletter_access":"","_jetpack_dont_email_post_to_subs":false,"_jetpack_newsletter_tier_id":0,"_jetpack_memberships_contains_paywalled_content":false,"_jetpack_memberships_contains_paid_content":false,"footnotes":""},"categories":[3],"tags":[367,227],"class_list":["post-1976","post","type-post","status-publish","format-standard","hentry","category-blogs","tag-afrique-francophone","tag-francophonie"],"jetpack_featured_media_url":"","jetpack_sharing_enabled":true,"_links":{"self":[{"href":"https:\/\/francophone.port.ac.uk\/index.php?rest_route=\/wp\/v2\/posts\/1976","targetHints":{"allow":["GET"]}}],"collection":[{"href":"https:\/\/francophone.port.ac.uk\/index.php?rest_route=\/wp\/v2\/posts"}],"about":[{"href":"https:\/\/francophone.port.ac.uk\/index.php?rest_route=\/wp\/v2\/types\/post"}],"author":[{"embeddable":true,"href":"https:\/\/francophone.port.ac.uk\/index.php?rest_route=\/wp\/v2\/users\/9"}],"replies":[{"embeddable":true,"href":"https:\/\/francophone.port.ac.uk\/index.php?rest_route=%2Fwp%2Fv2%2Fcomments&post=1976"}],"version-history":[{"count":2,"href":"https:\/\/francophone.port.ac.uk\/index.php?rest_route=\/wp\/v2\/posts\/1976\/revisions"}],"predecessor-version":[{"id":1978,"href":"https:\/\/francophone.port.ac.uk\/index.php?rest_route=\/wp\/v2\/posts\/1976\/revisions\/1978"}],"wp:attachment":[{"href":"https:\/\/francophone.port.ac.uk\/index.php?rest_route=%2Fwp%2Fv2%2Fmedia&parent=1976"}],"wp:term":[{"taxonomy":"category","embeddable":true,"href":"https:\/\/francophone.port.ac.uk\/index.php?rest_route=%2Fwp%2Fv2%2Fcategories&post=1976"},{"taxonomy":"post_tag","embeddable":true,"href":"https:\/\/francophone.port.ac.uk\/index.php?rest_route=%2Fwp%2Fv2%2Ftags&post=1976"}],"curies":[{"name":"wp","href":"https:\/\/api.w.org\/{rel}","templated":true}]}}