{"id":2000,"date":"2018-10-01T13:21:04","date_gmt":"2018-10-01T12:21:04","guid":{"rendered":"http:\/\/francophone.port.ac.uk\/?p=2000"},"modified":"2018-10-01T13:21:04","modified_gmt":"2018-10-01T12:21:04","slug":"pour-une-francophonie-de-laction","status":"publish","type":"post","link":"https:\/\/francophone.port.ac.uk\/?p=2000","title":{"rendered":"POUR UNE FRANCOPHONIE DE L\u2019ACTION"},"content":{"rendered":"<div class=\"pub-intro\">\n<p><em>\u00c0 l\u2019approche du XVII<sup>e<\/sup>\u00a0Sommet de la Francophonie organis\u00e9 \u00e0 Erevan en octobre prochain, Kako Nubukpo et Caroline Roussy dressent un panorama de la situation actuelle de la francophonie \u2013 et de son institution, l\u2019OIF \u2013\u00a0et, en r\u00e9ponse aux questionnements qui en d\u00e9coulent, avancent diff\u00e9rentes propositions en vue de (re)dynamiser, r\u00e9orienter et renforcer la francophonie et appellent \u00e0 un retour et une r\u00e9affirmation de la dimension originelle de la francophonie, la culture.<\/em><\/p>\n<\/div>\n<div id=\"publication-main-body\" class=\"pub-body clearfix\" data-node=\"4998\">\n<p class=\"commentable-section\" data-section-id=\"0\" data-section-type=\"paragraph\">Replis identitaires, relents x\u00e9nophobes, attaques racistes, les promesses d\u2019hier d\u2019un monde meilleur se fracassent sur la pierre angulaire des nationalismes\u00a0: Brexit, America first, fermeture des fronti\u00e8res. Ces r\u00e9actions de peur, chiffon rouge volontiers agit\u00e9 par les nationalistes, sont susceptibles de gangrener la coop\u00e9ration internationale et le multilat\u00e9ralisme. Dans ce contexte an\u00e9mi\u00e9, la francophonie peut et doit \u00eatre une chance. Celle-ci r\u00e9unit 84\u00a0\u00c9tats et gouvernements sur cinq continents qui ont la langue fran\u00e7aise en partage et des valeurs en commun consacr\u00e9es dans la d\u00e9claration de Bamako (novembre\u00a02000). Elle doit, au nom de la fraternit\u00e9, s\u2019imposer comme un mod\u00e8le de diversit\u00e9 culturelle (r\u00e9ussie), devenir un espace \u00e9conomique dynamique o\u00f9 l\u2019on fait des affaires, une communaut\u00e9 de destins dans le respect des diff\u00e9rences. La francophonie doit \u00e9galement devenir une ambition partag\u00e9e. D\u2019o\u00f9 la n\u00e9cessit\u00e9 de transcender la francophonie institutionnelle, de donner le go\u00fbt de l\u2019avenir francophone aux jeunesses des diff\u00e9rents pays, en valorisant de mani\u00e8re non exclusive une construction par le bas et en d\u00e9veloppant une vision cens\u00e9e redonner du sens \u00e0 l\u2019action.<\/p>\n<p data-section-id=\"0\" data-section-type=\"paragraph\"><strong><a href=\"https:\/\/jean-jaures.org\/nos-productions\/pour-une-francophonie-de-l-action\">Read more<\/a><\/strong><\/p>\n<p data-section-id=\"0\" data-section-type=\"paragraph\">Originally published on\u00a0<strong><a href=\"https:\/\/jean-jaures.org\/nos-productions\/pour-une-francophonie-de-l-action\">Fondation Jean-Jaur\u00e8s<\/a><\/strong><\/p>\n<\/div>\n","protected":false},"excerpt":{"rendered":"<p>\u00c0 l\u2019approche du XVIIe\u00a0Sommet de la Francophonie organis\u00e9 \u00e0 Erevan en octobre prochain, Kako Nubukpo et Caroline Roussy dressent un panorama de la situation actuelle de la francophonie \u2013 et de son institution, l\u2019OIF \u2013\u00a0et, en r\u00e9ponse aux questionnements qui &hellip; <a href=\"https:\/\/francophone.port.ac.uk\/?p=2000\">Continue reading <span class=\"meta-nav\">&rarr;<\/span><\/a><\/p>\n","protected":false},"author":9,"featured_media":0,"comment_status":"open","ping_status":"open","sticky":false,"template":"","format":"standard","meta":{"jetpack_post_was_ever_published":false,"_jetpack_newsletter_access":"","_jetpack_dont_email_post_to_subs":false,"_jetpack_newsletter_tier_id":0,"_jetpack_memberships_contains_paywalled_content":false,"_jetpack_memberships_contains_paid_content":false,"footnotes":""},"categories":[3],"tags":[227],"class_list":["post-2000","post","type-post","status-publish","format-standard","hentry","category-blogs","tag-francophonie"],"jetpack_featured_media_url":"","jetpack_sharing_enabled":true,"_links":{"self":[{"href":"https:\/\/francophone.port.ac.uk\/index.php?rest_route=\/wp\/v2\/posts\/2000","targetHints":{"allow":["GET"]}}],"collection":[{"href":"https:\/\/francophone.port.ac.uk\/index.php?rest_route=\/wp\/v2\/posts"}],"about":[{"href":"https:\/\/francophone.port.ac.uk\/index.php?rest_route=\/wp\/v2\/types\/post"}],"author":[{"embeddable":true,"href":"https:\/\/francophone.port.ac.uk\/index.php?rest_route=\/wp\/v2\/users\/9"}],"replies":[{"embeddable":true,"href":"https:\/\/francophone.port.ac.uk\/index.php?rest_route=%2Fwp%2Fv2%2Fcomments&post=2000"}],"version-history":[{"count":1,"href":"https:\/\/francophone.port.ac.uk\/index.php?rest_route=\/wp\/v2\/posts\/2000\/revisions"}],"predecessor-version":[{"id":2001,"href":"https:\/\/francophone.port.ac.uk\/index.php?rest_route=\/wp\/v2\/posts\/2000\/revisions\/2001"}],"wp:attachment":[{"href":"https:\/\/francophone.port.ac.uk\/index.php?rest_route=%2Fwp%2Fv2%2Fmedia&parent=2000"}],"wp:term":[{"taxonomy":"category","embeddable":true,"href":"https:\/\/francophone.port.ac.uk\/index.php?rest_route=%2Fwp%2Fv2%2Fcategories&post=2000"},{"taxonomy":"post_tag","embeddable":true,"href":"https:\/\/francophone.port.ac.uk\/index.php?rest_route=%2Fwp%2Fv2%2Ftags&post=2000"}],"curies":[{"name":"wp","href":"https:\/\/api.w.org\/{rel}","templated":true}]}}