{"id":2024,"date":"2018-10-18T12:12:47","date_gmt":"2018-10-18T11:12:47","guid":{"rendered":"http:\/\/francophone.port.ac.uk\/?p=2024"},"modified":"2018-10-18T12:12:47","modified_gmt":"2018-10-18T11:12:47","slug":"contestations-islamisees-le-senegal-entre-diplomatie-dinfluence-et-islam-politique-bakary-sambe","status":"publish","type":"post","link":"https:\/\/francophone.port.ac.uk\/?p=2024","title":{"rendered":"\u00ab Contestations islamis\u00e9es : le S\u00e9n\u00e9gal, entre diplomatie d\u2019influence et islam politique \u00bb Bakary Sambe"},"content":{"rendered":"<p>&nbsp;<\/p>\n<p><a href=\"http:\/\/francophone.port.ac.uk\/wp-content\/uploads\/Dplo2v3XgAAI0mB.jpg\"><img loading=\"lazy\" decoding=\"async\" class=\"size-full wp-image-2025 aligncenter\" src=\"http:\/\/francophone.port.ac.uk\/wp-content\/uploads\/Dplo2v3XgAAI0mB.jpg\" alt=\"\" width=\"864\" height=\"599\" srcset=\"https:\/\/francophone.port.ac.uk\/wp-content\/uploads\/Dplo2v3XgAAI0mB.jpg 864w, https:\/\/francophone.port.ac.uk\/wp-content\/uploads\/Dplo2v3XgAAI0mB-300x208.jpg 300w, https:\/\/francophone.port.ac.uk\/wp-content\/uploads\/Dplo2v3XgAAI0mB-768x532.jpg 768w\" sizes=\"auto, (max-width: 864px) 100vw, 864px\" \/><\/a><\/p>\n<p>&nbsp;<\/p>\n<p>Bakary Sambe: &#8220;Senegal is experiencing the geopolitical paradox of being, at one and the same time, the continuum and sub-Saharan depth of the Arab-Muslim world and a traditional strategic partner of the Western powers. Long penetrated by the ideological trends that fuel political Islam, it remains, for the time being, an &#8220;island of stability in an ocean of instability&#8221; at the heart of political and security developments in West Africa. In the Sahel where these same Western powers and those of the Arab-Persian Gulf are in search of unrestrained oases of influence. The Islamist political disputes and the old claims for the recognition of the &#8220;Arabophonie&#8221; of a country-symbol of the &#8220;Francophonie&#8221; are at the heart of this book exposing the socio-political vulnerabilities of Senegal, often hidden, facing an elite struggle with contradictory socialisations&#8221;.<\/p>\n<p>Bakary Sambe provides a detailed analysis of these burning issues in a context where the tense security situation, the rise of extremism and the dangers linked to transnational terrorism paradoxically impose on the &#8220;secular&#8221; states of the region and elsewhere management of the religious.<\/p>\n<p><strong><a href=\"https:\/\/www.linkedin.com\/feed\/update\/urn:li:activity:6458054019427504129\/\">Read More<\/a><\/strong><\/p>\n<p>&nbsp;<\/p>\n","protected":false},"excerpt":{"rendered":"<p>&nbsp; &nbsp; Bakary Sambe: &#8220;Senegal is experiencing the geopolitical paradox of being, at one and the same time, the continuum and sub-Saharan depth of the Arab-Muslim world and a traditional strategic partner of the Western powers. Long penetrated by the &hellip; <a href=\"https:\/\/francophone.port.ac.uk\/?p=2024\">Continue reading <span class=\"meta-nav\">&rarr;<\/span><\/a><\/p>\n","protected":false},"author":9,"featured_media":0,"comment_status":"open","ping_status":"open","sticky":false,"template":"","format":"standard","meta":{"jetpack_post_was_ever_published":false,"_jetpack_newsletter_access":"","_jetpack_dont_email_post_to_subs":false,"_jetpack_newsletter_tier_id":0,"_jetpack_memberships_contains_paywalled_content":false,"_jetpack_memberships_contains_paid_content":false,"footnotes":""},"categories":[2,5],"tags":[614,571,227,309,615,408,86,406],"class_list":["post-2024","post","type-post","status-publish","format-standard","hentry","category-news","category-resources","tag-arabophonie","tag-extremism","tag-francophonie","tag-islam","tag-secular","tag-security","tag-senegal","tag-terrorism"],"jetpack_featured_media_url":"","jetpack_sharing_enabled":true,"_links":{"self":[{"href":"https:\/\/francophone.port.ac.uk\/index.php?rest_route=\/wp\/v2\/posts\/2024","targetHints":{"allow":["GET"]}}],"collection":[{"href":"https:\/\/francophone.port.ac.uk\/index.php?rest_route=\/wp\/v2\/posts"}],"about":[{"href":"https:\/\/francophone.port.ac.uk\/index.php?rest_route=\/wp\/v2\/types\/post"}],"author":[{"embeddable":true,"href":"https:\/\/francophone.port.ac.uk\/index.php?rest_route=\/wp\/v2\/users\/9"}],"replies":[{"embeddable":true,"href":"https:\/\/francophone.port.ac.uk\/index.php?rest_route=%2Fwp%2Fv2%2Fcomments&post=2024"}],"version-history":[{"count":1,"href":"https:\/\/francophone.port.ac.uk\/index.php?rest_route=\/wp\/v2\/posts\/2024\/revisions"}],"predecessor-version":[{"id":2026,"href":"https:\/\/francophone.port.ac.uk\/index.php?rest_route=\/wp\/v2\/posts\/2024\/revisions\/2026"}],"wp:attachment":[{"href":"https:\/\/francophone.port.ac.uk\/index.php?rest_route=%2Fwp%2Fv2%2Fmedia&parent=2024"}],"wp:term":[{"taxonomy":"category","embeddable":true,"href":"https:\/\/francophone.port.ac.uk\/index.php?rest_route=%2Fwp%2Fv2%2Fcategories&post=2024"},{"taxonomy":"post_tag","embeddable":true,"href":"https:\/\/francophone.port.ac.uk\/index.php?rest_route=%2Fwp%2Fv2%2Ftags&post=2024"}],"curies":[{"name":"wp","href":"https:\/\/api.w.org\/{rel}","templated":true}]}}