{"id":2027,"date":"2018-10-19T10:17:32","date_gmt":"2018-10-19T09:17:32","guid":{"rendered":"http:\/\/francophone.port.ac.uk\/?p=2027"},"modified":"2018-10-19T10:19:16","modified_gmt":"2018-10-19T09:19:16","slug":"massacre-du-17-octobre-1961-macron-va-t-il-reconnaitre-la-responsabilite-de-la-france","status":"publish","type":"post","link":"https:\/\/francophone.port.ac.uk\/?p=2027","title":{"rendered":"Massacre du 17 Octobre 1961: Macron va-t-il reconna\u00eetre la responsabilit\u00e9 de la France ?"},"content":{"rendered":"<p>Les appels se succ\u00e8dent pour une reconnaissance officielle de la France du massacre du 17 Octobre 1961. M\u00eame si les demandes ne sont pas nouvelles, la d\u00e9cision de Macron de reconna\u00eetre la responsabilit\u00e9 de l&#8217;Etat fran\u00e7ais dans l&#8217;assassinat, en 1957, de Maurice Audin ouvre la porte \u00e0 un vent d&#8217;espoir. A ce propos, et dans un tweet publi\u00e9 hier, \u00e0 l&#8217;occasion de la 57e comm\u00e9moration des \u00e9v\u00e9nements du 17 Octobre, qualifi\u00e9s de \u00abr\u00e9pression violente\u00bb, le locataire de l&#8217;Elys\u00e9e a appel\u00e9 \u00abla R\u00e9publique \u00e0 regarder en face ce pass\u00e9 r\u00e9cent et encore br\u00fblant\u00bb, le massacre des Alg\u00e9riens \u00e0 Paris. Pour lui, \u00abc&#8217;est la condition d&#8217;un avenir apais\u00e9 avec l&#8217;Alg\u00e9rie et avec nos compatriotes d&#8217;origine alg\u00e9rienne\u00bb.<\/p>\n<p>Par ailleurs, le collectif \u00abOrly Devoir de M\u00e9moire du 17 Octobre 1961\u00bb, constitu\u00e9 d&#8217;associations, de militants des droits de l&#8217;homme et de partis politiques de la r\u00e9gion d&#8217;Orly, estime que le temps est venu pour la reconnaissance officielle de cette date dont la m\u00e9moire \u00abest aussi bien fran\u00e7aise qu&#8217;alg\u00e9rienne\u00bb. Dans un appel, \u00e0 la veille de cette comm\u00e9moration, le collectif souligne le droit au devoir de m\u00e9moire pour \u00ables victimes oubli\u00e9es du 17 Octobre 1961\u00bb. Le collectif rappelle que le couvre-feu discriminatoire d\u00e9cr\u00e9t\u00e9 \u00e0 leur encontre par le pr\u00e9fet de police de l&#8217;\u00e9poque, Maurice Papon, entra\u00eena leur \u00abr\u00e9action pacifique\u00bb sous la forme d&#8217;une manifestation dans les rues de Paris. \u00abAu soir du mardi 17 octobre 1961, ils furent pr\u00e8s de trente mille, hommes, femmes et enfants, \u00e0 d\u00e9filer pacifiquement sur les grandes art\u00e8res de la capitale pour revendiquer le droit \u00e0 l&#8217;\u00e9galit\u00e9 et d\u00e9fendre l&#8217;ind\u00e9pendance de l&#8217;Alg\u00e9rie\u00bb, a indiqu\u00e9 la m\u00eame source qui consid\u00e8re que la r\u00e9pression polici\u00e8re est une des pages \u00ables plus sombres\u00bb de l&#8217;histoire de France.<\/p>\n<p>Longtemps dissimul\u00e9e \u00e0 l&#8217;opinion et d\u00e9sormais \u00e9tablie par les historiens, elle fut f\u00e9roce: onze mille arrestations, une centaine d&#8217;assassinats, dont de nombreux manifestants noy\u00e9s dans la Seine, tu\u00e9s par balles, frapp\u00e9s \u00e0 mort\u00bb, a encore rappel\u00e9 ce collectif, appelant l&#8217;Etat fran\u00e7ais \u00e0 reconna\u00eetre ces crimes. Selon les t\u00e9moignages de survivants et d&#8217;anciens policiers fran\u00e7ais, des Alg\u00e9riens ont \u00e9t\u00e9 ex\u00e9cut\u00e9s sommairement par balles, jet\u00e9s vivants dans la Seine, battus \u00e0 mort ou pendus aux arbres des bois de Vincennes. L&#8217;appel du collectif d&#8217;Orly va dans le sens de celui du Collectif du 17 Octobre 1961, qui a demand\u00e9 \u00abune parole claire aux autorit\u00e9s de la R\u00e9publique, au moment o\u00f9 certains osent encore aujourd&#8217;hui continuer \u00e0 parler des bienfaits de la colonisation, \u00e0 c\u00e9l\u00e9brer le putsch des g\u00e9n\u00e9raux \u00e0 Alger contre la R\u00e9publique, \u00e0 honorer les criminels de l&#8217;OAS\u00bb.<\/p>\n<p><strong><a href=\"http:\/\/www.lequotidien-oran.com\/index.php?news=5267775\">Read more<\/a><\/strong><\/p>\n<p>Published by Moncef Wafi on <strong><a href=\"http:\/\/www.lequotidien-oran.com\/index.php?news=5267775\">Le Quotidien d&#8217;Oran<\/a><\/strong><\/p>\n","protected":false},"excerpt":{"rendered":"<p>Les appels se succ\u00e8dent pour une reconnaissance officielle de la France du massacre du 17 Octobre 1961. M\u00eame si les demandes ne sont pas nouvelles, la d\u00e9cision de Macron de reconna\u00eetre la responsabilit\u00e9 de l&#8217;Etat fran\u00e7ais dans l&#8217;assassinat, en 1957, &hellip; <a href=\"https:\/\/francophone.port.ac.uk\/?p=2027\">Continue reading <span class=\"meta-nav\">&rarr;<\/span><\/a><\/p>\n","protected":false},"author":9,"featured_media":0,"comment_status":"open","ping_status":"open","sticky":false,"template":"","format":"standard","meta":{"jetpack_post_was_ever_published":false,"_jetpack_newsletter_access":"","_jetpack_dont_email_post_to_subs":false,"_jetpack_newsletter_tier_id":0,"_jetpack_memberships_contains_paywalled_content":false,"_jetpack_memberships_contains_paid_content":false,"footnotes":""},"categories":[3],"tags":[27,252,356,616],"class_list":["post-2027","post","type-post","status-publish","format-standard","hentry","category-blogs","tag-algeria","tag-france","tag-macron","tag-massacre-du-17-octobre-1961"],"jetpack_featured_media_url":"","jetpack_sharing_enabled":true,"_links":{"self":[{"href":"https:\/\/francophone.port.ac.uk\/index.php?rest_route=\/wp\/v2\/posts\/2027","targetHints":{"allow":["GET"]}}],"collection":[{"href":"https:\/\/francophone.port.ac.uk\/index.php?rest_route=\/wp\/v2\/posts"}],"about":[{"href":"https:\/\/francophone.port.ac.uk\/index.php?rest_route=\/wp\/v2\/types\/post"}],"author":[{"embeddable":true,"href":"https:\/\/francophone.port.ac.uk\/index.php?rest_route=\/wp\/v2\/users\/9"}],"replies":[{"embeddable":true,"href":"https:\/\/francophone.port.ac.uk\/index.php?rest_route=%2Fwp%2Fv2%2Fcomments&post=2027"}],"version-history":[{"count":2,"href":"https:\/\/francophone.port.ac.uk\/index.php?rest_route=\/wp\/v2\/posts\/2027\/revisions"}],"predecessor-version":[{"id":2029,"href":"https:\/\/francophone.port.ac.uk\/index.php?rest_route=\/wp\/v2\/posts\/2027\/revisions\/2029"}],"wp:attachment":[{"href":"https:\/\/francophone.port.ac.uk\/index.php?rest_route=%2Fwp%2Fv2%2Fmedia&parent=2027"}],"wp:term":[{"taxonomy":"category","embeddable":true,"href":"https:\/\/francophone.port.ac.uk\/index.php?rest_route=%2Fwp%2Fv2%2Fcategories&post=2027"},{"taxonomy":"post_tag","embeddable":true,"href":"https:\/\/francophone.port.ac.uk\/index.php?rest_route=%2Fwp%2Fv2%2Ftags&post=2027"}],"curies":[{"name":"wp","href":"https:\/\/api.w.org\/{rel}","templated":true}]}}