{"id":2038,"date":"2018-10-24T11:36:22","date_gmt":"2018-10-24T10:36:22","guid":{"rendered":"http:\/\/francophone.port.ac.uk\/?p=2038"},"modified":"2018-10-24T11:36:22","modified_gmt":"2018-10-24T10:36:22","slug":"torture-en-algerie-le-geste-historique-demmanuel-macron","status":"publish","type":"post","link":"https:\/\/francophone.port.ac.uk\/?p=2038","title":{"rendered":"Torture en Alg\u00e9rie : le geste historique d\u2019Emmanuel Macron"},"content":{"rendered":"<p><em>Le chef de l\u2019Etat reconna\u00eet la responsabilit\u00e9 de l\u2019Etat dans la mort de Maurice Audin, un math\u00e9maticien militant de l\u2019ind\u00e9pendance de l\u2019Alg\u00e9rie tu\u00e9 en 1957.<\/em><\/p>\n<p>La d\u00e9cision est historique et pourrait \u00eatre \u00e0 Emmanuel Macron ce que le V\u00e9l\u2019d\u2019Hiv fut \u00e0 Jacques Chirac. Apr\u00e8s plusieurs mois de r\u00e9flexion, le chef de l\u2019Etat a d\u00e9cid\u00e9 de reconna\u00eetre la responsabilit\u00e9 de l\u2019Etat fran\u00e7ais dans la mort de Maurice Audin, ce math\u00e9maticien communiste, militant de l\u2019ind\u00e9pendance de l\u2019Alg\u00e9rie, arr\u00eat\u00e9 le 11\u00a0juin 1957 en pleine bataille d\u2019Alger, tortur\u00e9 par l\u2019arm\u00e9e fran\u00e7aise et disparu sans laisser de traces.<\/p>\n<p><em>\u00ab\u00a0Le pr\u00e9sident de la R\u00e9publique a<\/em>\u00a0(\u2026)\u00a0<em>d\u00e9cid\u00e9 qu\u2019il \u00e9tait temps que la nation accomplisse un travail de v\u00e9rit\u00e9 sur ce sujet<\/em>, a annonc\u00e9 l\u2019Elys\u00e9e, jeudi 13\u00a0septembre.<em>\u00a0Il reconna\u00eet, au nom de la R\u00e9publique fran\u00e7aise, que Maurice Audin a \u00e9t\u00e9 tortur\u00e9 puis ex\u00e9cut\u00e9 ou tortur\u00e9 \u00e0 mort par des militaires qui l\u2019avaient arr\u00eat\u00e9 \u00e0 son domicile.\u00a0\u00bb\u00a0<\/em>Emmanuel Macron devait se rendre jeudi \u00e0 Bagnolet (Seine-Saint-Denis), afin de rencontrer la veuve de l\u2019universitaire, Josette Audin, aujourd\u2019hui \u00e2g\u00e9e de 87 ans, et l\u2019informer de sa d\u00e9cision.<\/p>\n<p><strong><a href=\"https:\/\/www.lemonde.fr\/emmanuel-macron\/article\/2018\/09\/13\/guerre-d-algerie-emmanuel-macron-reconnait-le-role-de-l-etat-dans-la-mort-de-maurice-audin_5354271_5008430.html\">Read more on Le Monde<\/a><\/strong><\/p>\n","protected":false},"excerpt":{"rendered":"<p>Le chef de l\u2019Etat reconna\u00eet la responsabilit\u00e9 de l\u2019Etat dans la mort de Maurice Audin, un math\u00e9maticien militant de l\u2019ind\u00e9pendance de l\u2019Alg\u00e9rie tu\u00e9 en 1957. La d\u00e9cision est historique et pourrait \u00eatre \u00e0 Emmanuel Macron ce que le V\u00e9l\u2019d\u2019Hiv fut &hellip; <a href=\"https:\/\/francophone.port.ac.uk\/?p=2038\">Continue reading <span class=\"meta-nav\">&rarr;<\/span><\/a><\/p>\n","protected":false},"author":9,"featured_media":0,"comment_status":"open","ping_status":"open","sticky":false,"template":"","format":"standard","meta":{"jetpack_post_was_ever_published":false,"_jetpack_newsletter_access":"","_jetpack_dont_email_post_to_subs":false,"_jetpack_newsletter_tier_id":0,"_jetpack_memberships_contains_paywalled_content":false,"_jetpack_memberships_contains_paid_content":false,"footnotes":""},"categories":[3],"tags":[27,252,624,625],"class_list":["post-2038","post","type-post","status-publish","format-standard","hentry","category-blogs","tag-algeria","tag-france","tag-responsibility","tag-torture"],"jetpack_featured_media_url":"","jetpack_sharing_enabled":true,"_links":{"self":[{"href":"https:\/\/francophone.port.ac.uk\/index.php?rest_route=\/wp\/v2\/posts\/2038","targetHints":{"allow":["GET"]}}],"collection":[{"href":"https:\/\/francophone.port.ac.uk\/index.php?rest_route=\/wp\/v2\/posts"}],"about":[{"href":"https:\/\/francophone.port.ac.uk\/index.php?rest_route=\/wp\/v2\/types\/post"}],"author":[{"embeddable":true,"href":"https:\/\/francophone.port.ac.uk\/index.php?rest_route=\/wp\/v2\/users\/9"}],"replies":[{"embeddable":true,"href":"https:\/\/francophone.port.ac.uk\/index.php?rest_route=%2Fwp%2Fv2%2Fcomments&post=2038"}],"version-history":[{"count":1,"href":"https:\/\/francophone.port.ac.uk\/index.php?rest_route=\/wp\/v2\/posts\/2038\/revisions"}],"predecessor-version":[{"id":2039,"href":"https:\/\/francophone.port.ac.uk\/index.php?rest_route=\/wp\/v2\/posts\/2038\/revisions\/2039"}],"wp:attachment":[{"href":"https:\/\/francophone.port.ac.uk\/index.php?rest_route=%2Fwp%2Fv2%2Fmedia&parent=2038"}],"wp:term":[{"taxonomy":"category","embeddable":true,"href":"https:\/\/francophone.port.ac.uk\/index.php?rest_route=%2Fwp%2Fv2%2Fcategories&post=2038"},{"taxonomy":"post_tag","embeddable":true,"href":"https:\/\/francophone.port.ac.uk\/index.php?rest_route=%2Fwp%2Fv2%2Ftags&post=2038"}],"curies":[{"name":"wp","href":"https:\/\/api.w.org\/{rel}","templated":true}]}}