{"id":2045,"date":"2018-10-31T14:01:08","date_gmt":"2018-10-31T14:01:08","guid":{"rendered":"http:\/\/francophone.port.ac.uk\/?p=2045"},"modified":"2018-10-31T14:01:08","modified_gmt":"2018-10-31T14:01:08","slug":"louise-mushikiwabo-prend-la-tete-de-la-francophonie","status":"publish","type":"post","link":"https:\/\/francophone.port.ac.uk\/?p=2045","title":{"rendered":"Louise Mushikiwabo prend la t\u00eate de la francophonie"},"content":{"rendered":"<p><em>\u00c0 58\u00a0ans, la ministre rwandaise des affaires \u00e9trang\u00e8res Louise Mushikiwabo a pris la t\u00eate de l\u2019Organisation internationale de la Francophonie (OIF), vendredi 12 octobre.<\/em><\/p>\n<p>Dakar, janvier\u00a02015, 15e sommet de la Francophonie. Le pr\u00e9sident Fran\u00e7ois Hollande met en garde \u00ab\u00a0<em>les dirigeants qui voudraient s\u2019accrocher au pouvoir \u00e0 tout prix\u00a0<\/em>\u00bb. La salle applaudit. Mais pas la ministre des affaires \u00e9trang\u00e8res du Rwanda, Louise Mushikiwabo.<\/p>\n<p>Invit\u00e9e sur France 24, le lendemain, elle d\u00e9nonce le paternalisme du pr\u00e9sident fran\u00e7ais vis-\u00e0-vis des Africains, trouve\u00a0<em>\u00ab\u00a0g\u00eanant\u00a0\u00bb<\/em>\u00a0de l\u2019entendre \u00ab\u00a0<em>dicter ce qui devrait se passer dans leur pays\u00a0\u00bb.\u00a0<\/em>\u00ab\u00a0<em>Qui d\u00e9cide de l\u2019avenir politique des Africains\u2009?<\/em>\u00a0\u00bb, s\u2019interroge-t-elle, avant de trancher\u2009: \u00ab\u00a0C<em>e n\u2019est pas Paris qui d\u00e9cide, c\u2019est \u00e9vident<\/em>.\u00a0\u00bb<\/p>\n<h3>Un coup d\u2019\u00e9clat contre Fran\u00e7ois Hollande qui l\u2019a fait conna\u00eetre bien au-del\u00e0 du Rwanda<\/h3>\n<p>En quelques phrases, Louise Mushikiwabo ex\u00e9cute le pr\u00e9sident fran\u00e7ais, applaudie sur les r\u00e9seaux sociaux et avec l\u2019assentiment d\u2019une grande partie de l\u2019Afrique. Ce coup d\u2019\u00e9clat l\u2019a fait conna\u00eetre bien au-del\u00e0 des fronti\u00e8res du Rwanda et lui a attir\u00e9 bien des sympathies dans les palais pr\u00e9sidentiels du continent.<\/p>\n<p>En toute logique, quatre ans plus tard, l\u2019Afrique se range derri\u00e8re sa candidature pour prendre la t\u00eate de l\u2019Organisation internationale de la Francophonie (OIF). R\u00e9unie \u00e0 Erevan, l\u2019OIF a nomm\u00e9 Louise Mushikiwabo secr\u00e9taire g\u00e9n\u00e9rale de l\u2019organisation, vendredi 12 octobre.<\/p>\n<p>Aux yeux de biens des leaders africains, des milieux d\u2019affaires, elle incarne \u00e0 merveille la nouvelle Afrique\u2009: d\u00e9complex\u00e9e, entreprenante, dynamique, tenant la drag\u00e9e haute \u00e0 l\u2019arrogance des anciens colons. Un programme auquel Emmanuel Macron souscrit depuis son arriv\u00e9e \u00e0 l\u2019\u00c9lys\u00e9e.<\/p>\n<p>N\u00e9e en mai 1961 \u00e0 Kigali, Louise Mushikiwabo a \u00e9t\u00e9 la t\u00e9moin et la victime du racisme anti-tutsi du jeune \u00c9tat ind\u00e9pendant. Cadette d\u2019une famille de neuf enfants, elle a suivi des \u00e9tudes d\u2019anglais avant de d\u00e9crocher une bourse pour \u00e9tudier aux \u00c9tats-Unis o\u00f9 elle se rend en 1990.<\/p>\n<p>Read more on <strong><a href=\"https:\/\/www.la-croix.com\/Monde\/Afrique\/Louise-Mushikiwabo-dauphine-Paul-Kagame-prendre-tete-francophonie-2018-10-12-1200975447\">La Croix<\/a><\/strong><\/p>\n","protected":false},"excerpt":{"rendered":"<p>\u00c0 58\u00a0ans, la ministre rwandaise des affaires \u00e9trang\u00e8res Louise Mushikiwabo a pris la t\u00eate de l\u2019Organisation internationale de la Francophonie (OIF), vendredi 12 octobre. Dakar, janvier\u00a02015, 15e sommet de la Francophonie. Le pr\u00e9sident Fran\u00e7ois Hollande met en garde \u00ab\u00a0les dirigeants &hellip; <a href=\"https:\/\/francophone.port.ac.uk\/?p=2045\">Continue reading <span class=\"meta-nav\">&rarr;<\/span><\/a><\/p>\n","protected":false},"author":9,"featured_media":0,"comment_status":"open","ping_status":"open","sticky":false,"template":"","format":"standard","meta":{"jetpack_post_was_ever_published":false,"_jetpack_newsletter_access":"","_jetpack_dont_email_post_to_subs":false,"_jetpack_newsletter_tier_id":0,"_jetpack_memberships_contains_paywalled_content":false,"_jetpack_memberships_contains_paid_content":false,"footnotes":""},"categories":[3],"tags":[58,189,227,641],"class_list":["post-2045","post","type-post","status-publish","format-standard","hentry","category-blogs","tag-africa","tag-francophone","tag-francophonie","tag-oif"],"jetpack_featured_media_url":"","jetpack_sharing_enabled":true,"_links":{"self":[{"href":"https:\/\/francophone.port.ac.uk\/index.php?rest_route=\/wp\/v2\/posts\/2045","targetHints":{"allow":["GET"]}}],"collection":[{"href":"https:\/\/francophone.port.ac.uk\/index.php?rest_route=\/wp\/v2\/posts"}],"about":[{"href":"https:\/\/francophone.port.ac.uk\/index.php?rest_route=\/wp\/v2\/types\/post"}],"author":[{"embeddable":true,"href":"https:\/\/francophone.port.ac.uk\/index.php?rest_route=\/wp\/v2\/users\/9"}],"replies":[{"embeddable":true,"href":"https:\/\/francophone.port.ac.uk\/index.php?rest_route=%2Fwp%2Fv2%2Fcomments&post=2045"}],"version-history":[{"count":1,"href":"https:\/\/francophone.port.ac.uk\/index.php?rest_route=\/wp\/v2\/posts\/2045\/revisions"}],"predecessor-version":[{"id":2046,"href":"https:\/\/francophone.port.ac.uk\/index.php?rest_route=\/wp\/v2\/posts\/2045\/revisions\/2046"}],"wp:attachment":[{"href":"https:\/\/francophone.port.ac.uk\/index.php?rest_route=%2Fwp%2Fv2%2Fmedia&parent=2045"}],"wp:term":[{"taxonomy":"category","embeddable":true,"href":"https:\/\/francophone.port.ac.uk\/index.php?rest_route=%2Fwp%2Fv2%2Fcategories&post=2045"},{"taxonomy":"post_tag","embeddable":true,"href":"https:\/\/francophone.port.ac.uk\/index.php?rest_route=%2Fwp%2Fv2%2Ftags&post=2045"}],"curies":[{"name":"wp","href":"https:\/\/api.w.org\/{rel}","templated":true}]}}