{"id":2060,"date":"2018-11-12T10:38:22","date_gmt":"2018-11-12T10:38:22","guid":{"rendered":"http:\/\/francophone.port.ac.uk\/?p=2060"},"modified":"2018-11-12T10:38:22","modified_gmt":"2018-11-12T10:38:22","slug":"democratie-pourquoi-lafrique-centrale-navance-pas","status":"publish","type":"post","link":"https:\/\/francophone.port.ac.uk\/?p=2060","title":{"rendered":"D\u00e9mocratie : pourquoi l\u2019Afrique centrale n\u2019avance pas"},"content":{"rendered":"<p><span class=\"mot-lettrine\">La<\/span>\u00a0r\u00e9\u00e9lection des plus pr\u00e9visibles de Paul Biya, 85\u00a0ans, pour un septi\u00e8me mandat \u00e0 la pr\u00e9sidence du Cameroun, est pass\u00e9e comme une lettre \u00e0 la poste \u2014 du moins sur la sc\u00e8ne internationale. Quelques papiers et r\u00e9actions \u00e0 l\u2019annonce des r\u00e9sultats le 22\u00a0octobre \u2014 71,2<small class=\"fine\">\u00a0<\/small>% des voix\u00a0\u2014, des f\u00e9licitations de Paris\u00a0<a class=\"spip_out\" href=\"https:\/\/www.monde-diplomatique.fr\/2011\/10\/DELTOMBE\/21071\" rel=\"external\">et c\u2019est reparti pour un tour<\/a>, apr\u00e8s de longues ann\u00e9es de pourrissement dans ce pays. En\u00a02010,\u00a0<a class=\"spip_out\" href=\"https:\/\/www.crisisgroup.org\/fr\/africa\/central-africa\/cameroon\/cameroon-fragile-state\" rel=\"external\">un rapport de l\u2019ONG International Crisis Group<\/a>\u00a0s\u2019\u00e9tait inqui\u00e9t\u00e9 d\u2019une possible guerre, tant le probl\u00e8me de la succession \u2014 un cancer non trait\u00e9 \u2014 produisait d\u00e9j\u00e0 ses m\u00e9tastases. C\u2019est du c\u00f4t\u00e9 du Cameroun anglophone que le conflit a \u00e9clat\u00e9, dans une r\u00e9gion lass\u00e9e des n\u00e9gligences du pouvoir central \u00e0 son \u00e9gard puis r\u00e9volt\u00e9e par la r\u00e9pression \u00e0 son encontre.<\/p>\n<p>Non moins pr\u00e9visible, le chaos se profile en R\u00e9publique d\u00e9mocratique du Congo (RDC) avec la \u00ab<small class=\"fine\">\u00a0<\/small>machine \u00e0 voter<small class=\"fine\">\u00a0<\/small>\u00bb \u2014 un morceau qui promet d\u2019\u00eatre m\u00e9morable. La Commission \u00e9lectorale nationale ind\u00e9pendante (Ceni), apr\u00e8s deux ans de report du scrutin pr\u00e9sidentiel par \u00ab<small class=\"fine\">\u00a0<\/small>manque de moyens<small class=\"fine\">\u00a0<\/small>\u00bb, a sorti l\u2019engin de son chapeau, d\u00e9cidant d\u2019en commander 107\u00a0000 \u00e0 une soci\u00e9t\u00e9 priv\u00e9e sud-cor\u00e9enne \u2014 un contrat de 158\u00a0millions de dollars. Cet outil n\u2019a pas \u00e9t\u00e9 certifi\u00e9. Les autorit\u00e9s de S\u00e9oul ont mis en garde contre les (in)cons\u00e9quences de son (m\u00e9s)usage.<\/p>\n<p>La machine est pr\u00e9sent\u00e9e comme une imprimante par la Ceni\u00a0: l\u2019\u00e9lecteur touche sur un \u00e9cran tactile la photo de son candidat, qui s\u2019imprime, et sert de bulletin de vote \u00e0 glisser dans l\u2019urne. \u00c0 raison d\u2019une machine par bureau de vote, la technologie annule le secret du vote et ne fonctionnera pas toujours, en raison des coupures d\u2019\u00e9lectricit\u00e9. Comme ailleurs en Afrique centrale, tout un peuple part aux \u00e9lections alors que les r\u00e9sultats semblent jou\u00e9s d\u2019avance. Joseph Kabila, en place depuis\u0131 2001, a opt\u00e9 pour une solution \u00e0 la Poutine-Medvedev. Il va pousser son dauphin Emmanuel Ramazani Shadary, 58\u0131 ans, ex-gouverneur de la province du Maniema. Que sait-on de cet homme<small class=\"fine\">\u00a0<\/small>? C\u2019est un ministre de l\u2019int\u00e9rieur qui a \u00e9t\u00e9 sanctionn\u00e9 en mars\u00a02017 par l\u2019Union europ\u00e9enne pour avoir r\u00e9prim\u00e9 \u00e0 tour de bras les manifestations r\u00e9clamant la tenue du scrutin \u00e0 la date pr\u00e9vue, fin\u00a02016\u2026 Comme Paul Biya, il a toutes les chances de l\u2019emporter, compte tenu de l\u2019ampleur de la fraude qui se pr\u00e9pare.<\/p>\n<h3 class=\"spip\">La communaut\u00e9 internationale aux abonn\u00e9s absents<\/h3>\n<p>\u00c0 se demander \u00e0 quoi sert de faire des \u00e9lections dans la seule r\u00e9gion d\u2019Afrique o\u00f9 les chefs d\u2019\u00c9tat peuvent encore l\u2019\u00eatre \u00e0 vie. Quinze ambassadeurs repr\u00e9sentant les membres du Conseil de s\u00e9curit\u00e9 ont fait le d\u00e9placement le 8\u00a0octobre \u00e0 Kinshasa, pour s\u2019assurer que le scrutin ait lieu \u00e0 la date pr\u00e9vue et dans les bonnes conditions. Ils savent qu\u2019il n\u2019y a aucun suspense sur les r\u00e9sultats. Et qu\u2019il y aura sans doute une crise.<\/p>\n<p>Read more on<a href=\"https:\/\/blog.mondediplo.net\/democratie-pourquoi-l-afrique-centrale-n-avance\"><strong> Le Monde <em>Diplomatique\u00a0<\/em><\/strong><\/a><\/p>\n","protected":false},"excerpt":{"rendered":"<p>La\u00a0r\u00e9\u00e9lection des plus pr\u00e9visibles de Paul Biya, 85\u00a0ans, pour un septi\u00e8me mandat \u00e0 la pr\u00e9sidence du Cameroun, est pass\u00e9e comme une lettre \u00e0 la poste \u2014 du moins sur la sc\u00e8ne internationale. Quelques papiers et r\u00e9actions \u00e0 l\u2019annonce des r\u00e9sultats &hellip; <a href=\"https:\/\/francophone.port.ac.uk\/?p=2060\">Continue reading <span class=\"meta-nav\">&rarr;<\/span><\/a><\/p>\n","protected":false},"author":9,"featured_media":0,"comment_status":"open","ping_status":"open","sticky":false,"template":"","format":"standard","meta":{"jetpack_post_was_ever_published":false,"_jetpack_newsletter_access":"","_jetpack_dont_email_post_to_subs":false,"_jetpack_newsletter_tier_id":0,"_jetpack_memberships_contains_paywalled_content":false,"_jetpack_memberships_contains_paid_content":false,"footnotes":""},"categories":[3],"tags":[242,301,423,646,545,430],"class_list":["post-2060","post","type-post","status-publish","format-standard","hentry","category-blogs","tag-anglophone","tag-cameroon","tag-conflict","tag-fraud","tag-presidential-elections","tag-rdc"],"jetpack_featured_media_url":"","jetpack_sharing_enabled":true,"_links":{"self":[{"href":"https:\/\/francophone.port.ac.uk\/index.php?rest_route=\/wp\/v2\/posts\/2060","targetHints":{"allow":["GET"]}}],"collection":[{"href":"https:\/\/francophone.port.ac.uk\/index.php?rest_route=\/wp\/v2\/posts"}],"about":[{"href":"https:\/\/francophone.port.ac.uk\/index.php?rest_route=\/wp\/v2\/types\/post"}],"author":[{"embeddable":true,"href":"https:\/\/francophone.port.ac.uk\/index.php?rest_route=\/wp\/v2\/users\/9"}],"replies":[{"embeddable":true,"href":"https:\/\/francophone.port.ac.uk\/index.php?rest_route=%2Fwp%2Fv2%2Fcomments&post=2060"}],"version-history":[{"count":1,"href":"https:\/\/francophone.port.ac.uk\/index.php?rest_route=\/wp\/v2\/posts\/2060\/revisions"}],"predecessor-version":[{"id":2061,"href":"https:\/\/francophone.port.ac.uk\/index.php?rest_route=\/wp\/v2\/posts\/2060\/revisions\/2061"}],"wp:attachment":[{"href":"https:\/\/francophone.port.ac.uk\/index.php?rest_route=%2Fwp%2Fv2%2Fmedia&parent=2060"}],"wp:term":[{"taxonomy":"category","embeddable":true,"href":"https:\/\/francophone.port.ac.uk\/index.php?rest_route=%2Fwp%2Fv2%2Fcategories&post=2060"},{"taxonomy":"post_tag","embeddable":true,"href":"https:\/\/francophone.port.ac.uk\/index.php?rest_route=%2Fwp%2Fv2%2Ftags&post=2060"}],"curies":[{"name":"wp","href":"https:\/\/api.w.org\/{rel}","templated":true}]}}