{"id":2075,"date":"2018-11-29T16:05:24","date_gmt":"2018-11-29T16:05:24","guid":{"rendered":"http:\/\/francophone.port.ac.uk\/?p=2075"},"modified":"2018-11-29T16:05:24","modified_gmt":"2018-11-29T16:05:24","slug":"arts-premieres-restitutions-doeuvres-dart-au-benin","status":"publish","type":"post","link":"https:\/\/francophone.port.ac.uk\/?p=2075","title":{"rendered":"Arts : premi\u00e8res restitutions d\u2019\u0153uvres d\u2019art au B\u00e9nin"},"content":{"rendered":"<p><em>Emmanuel Macron a annonc\u00e9, vendredi 23 novembre, que 26 \u0153uvres seront rendues.<\/em><\/p>\n<p>A l\u2019occasion de la remise du rapport des universitaires B\u00e9n\u00e9dicte Savoy et Felwine Sarr consacr\u00e9 \u00e0 la restitution \u00e0 des Etats africains d\u2019objets pris durant la p\u00e9riode coloniale, Emmanuel Macron a annonc\u00e9, vendredi 23 novembre, sa volont\u00e9 de restituer\u00a0<em>\u00ab sans tarder \u00bb<\/em>\u00a026 \u0153uvres r\u00e9clam\u00e9es par le B\u00e9nin. Il s\u2019agit des trois statues des rois d\u2019Abomey, de tr\u00f4nes et portes orn\u00e9es, \u0153uvres de bois polychromes, et de la statue du dieu Gou, assemblage de pi\u00e8ces de m\u00e9tal d\u2019origine europ\u00e9enne. Emport\u00e9es en 1892 par le colonel Alfred Am\u00e9d\u00e9e Dodds et le capitaine Eug\u00e8ne Fonssagrives apr\u00e8s leur victoire sur le roi B\u00e9hanzin, elles furent donn\u00e9es par eux au mus\u00e9e du Trocad\u00e9ro \u00e0 Paris.<\/p>\n<p>D\u2019une \u00e9vidente importance historique et symbolique pour le B\u00e9nin, ces \u0153uvres d\u2019art avaient fait l\u2019objet d\u2019une demande de restitution officielle en 2016, \u00e9cart\u00e9e par Jean-Marc Ayrault, alors ministre des affaires \u00e9trang\u00e8res, au nom de l\u2019inali\u00e9nabilit\u00e9 des collections nationales. Leur maintien au Mus\u00e9e du quai Branly paraissait n\u00e9anmoins impossible \u00e0 plus ou moins long terme.<\/p>\n<p>Cette premi\u00e8re restitution suppose des modifications l\u00e9gislatives, du type peut-\u00eatre de celles que propose le rapport. Sur ce point, aucun \u00e9l\u00e9ment de r\u00e9ponse n\u2019est pour l\u2019instant avanc\u00e9. De m\u00eame, aucune r\u00e9ponse n\u2019est faite aux trois autres suggestions de restitution rapide du rapport Savoy-Sarr, ce que l\u2019absence de revendication venue d\u2019un des Etats africains concern\u00e9s \u2013 Mali ou Nigeria \u2013 pourrait expliquer.<\/p>\n<p>Plus g\u00e9n\u00e9ralement, l\u2019Elys\u00e9e veut que s\u2019engage une concertation entre les Etats africains et tous les Etats europ\u00e9ens qui furent des puissances coloniales et dont les mus\u00e9es sont aussi riches que celui du quai Branly : l\u2019Allemagne, la Belgique et le Royaume-Uni principalement. Une conf\u00e9rence doit\u00a0<em>\u00ab r\u00e9unir \u00e0 Paris au premier trimestre 2019 l\u2019ensemble des partenaires africains et europ\u00e9ens \u00bb,\u00a0<\/em>a annonc\u00e9 l\u2019Elys\u00e9e, et ce, au nom de\u00a0<em>\u00ab la n\u00e9cessit\u00e9 d\u2019un travail approfondi avec les autres Etats europ\u00e9ens qui conservent des collections de m\u00eame nature acquises dans des circonstances comparables \u00bb.<\/em><\/p>\n<p><strong>Read more on <a href=\"https:\/\/www.lemonde.fr\/arts\/article\/2018\/11\/23\/la-france-va-rendre-sans-tarder-26-uvres-d-art-au-benin-annonce-l-elysee_5387860_1655012.html?fbclid=IwAR2t0dv9xhthRTEZTgJogQTEDcwPDJjTxeu2rqRrvzEC6w6mlr-GQv2UfvU\">Le Monde\u00a0<\/a><\/strong><\/p>\n","protected":false},"excerpt":{"rendered":"<p>Emmanuel Macron a annonc\u00e9, vendredi 23 novembre, que 26 \u0153uvres seront rendues. A l\u2019occasion de la remise du rapport des universitaires B\u00e9n\u00e9dicte Savoy et Felwine Sarr consacr\u00e9 \u00e0 la restitution \u00e0 des Etats africains d\u2019objets pris durant la p\u00e9riode coloniale, &hellip; <a href=\"https:\/\/francophone.port.ac.uk\/?p=2075\">Continue reading <span class=\"meta-nav\">&rarr;<\/span><\/a><\/p>\n","protected":false},"author":9,"featured_media":0,"comment_status":"open","ping_status":"open","sticky":false,"template":"","format":"standard","meta":{"jetpack_post_was_ever_published":false,"_jetpack_newsletter_access":"","_jetpack_dont_email_post_to_subs":false,"_jetpack_newsletter_tier_id":0,"_jetpack_memberships_contains_paywalled_content":false,"_jetpack_memberships_contains_paid_content":false,"footnotes":""},"categories":[3],"tags":[58,29,655,665,159,252,666],"class_list":["post-2075","post","type-post","status-publish","format-standard","hentry","category-blogs","tag-africa","tag-art","tag-benin","tag-collection","tag-colonial","tag-france","tag-restitution"],"jetpack_featured_media_url":"","jetpack_sharing_enabled":true,"_links":{"self":[{"href":"https:\/\/francophone.port.ac.uk\/index.php?rest_route=\/wp\/v2\/posts\/2075","targetHints":{"allow":["GET"]}}],"collection":[{"href":"https:\/\/francophone.port.ac.uk\/index.php?rest_route=\/wp\/v2\/posts"}],"about":[{"href":"https:\/\/francophone.port.ac.uk\/index.php?rest_route=\/wp\/v2\/types\/post"}],"author":[{"embeddable":true,"href":"https:\/\/francophone.port.ac.uk\/index.php?rest_route=\/wp\/v2\/users\/9"}],"replies":[{"embeddable":true,"href":"https:\/\/francophone.port.ac.uk\/index.php?rest_route=%2Fwp%2Fv2%2Fcomments&post=2075"}],"version-history":[{"count":2,"href":"https:\/\/francophone.port.ac.uk\/index.php?rest_route=\/wp\/v2\/posts\/2075\/revisions"}],"predecessor-version":[{"id":2077,"href":"https:\/\/francophone.port.ac.uk\/index.php?rest_route=\/wp\/v2\/posts\/2075\/revisions\/2077"}],"wp:attachment":[{"href":"https:\/\/francophone.port.ac.uk\/index.php?rest_route=%2Fwp%2Fv2%2Fmedia&parent=2075"}],"wp:term":[{"taxonomy":"category","embeddable":true,"href":"https:\/\/francophone.port.ac.uk\/index.php?rest_route=%2Fwp%2Fv2%2Fcategories&post=2075"},{"taxonomy":"post_tag","embeddable":true,"href":"https:\/\/francophone.port.ac.uk\/index.php?rest_route=%2Fwp%2Fv2%2Ftags&post=2075"}],"curies":[{"name":"wp","href":"https:\/\/api.w.org\/{rel}","templated":true}]}}