{"id":2083,"date":"2018-12-07T16:36:52","date_gmt":"2018-12-07T16:36:52","guid":{"rendered":"http:\/\/francophone.port.ac.uk\/?p=2083"},"modified":"2018-12-07T16:36:52","modified_gmt":"2018-12-07T16:36:52","slug":"le-senegal-inaugure-un-musee-des-civilisations-noires-a-dakar","status":"publish","type":"post","link":"https:\/\/francophone.port.ac.uk\/?p=2083","title":{"rendered":"Le S\u00e9n\u00e9gal inaugure un Mus\u00e9e des civilisations noires \u00e0 Dakar"},"content":{"rendered":"<p>Le\u00a0S\u00e9n\u00e9gal\u00a0inaugure jeudi 6\u00a0d\u00e9cembre \u00e0 Dakar un mus\u00e9e consacr\u00e9 aux\u00a0<em>\u00ab\u00a0civilisations noires\u00a0\u00bb<\/em>\u00a0depuis l\u2019aube de l\u2019humanit\u00e9, un projet\u00a0<em>\u00ab\u00a0panafricain\u00a0\u00bb<\/em>\u00a0concr\u00e9tis\u00e9 un demi-si\u00e8cle apr\u00e8s son lancement par le premier pr\u00e9sident du pays, L\u00e9opold S\u00e9dar Senghor (1960-1980), au moment o\u00f9 progresse l\u2019id\u00e9e d\u2019une restitution au continent de son patrimoine culturel. A l\u2019image de ce Mus\u00e9e des civilisations noires (MCN), la r\u00e9habilitation ou la construction de mus\u00e9es modernes \u00e0 travers l\u2019Afrique bat en br\u00e8che l\u2019argument du manque d\u2019infrastructures adapt\u00e9es, souvent oppos\u00e9 aux demandes de restitution, que des pays comme la France affirment vouloir faciliter.<\/p>\n<p>Sept ans apr\u00e8s le d\u00e9but des travaux sous le pr\u00e9sident Abdoulaye Wade (2000-2012), le ruban sera coup\u00e9 vers 10\u00a0heures (GMT et locales) par son successeur Macky Sall. D\u2019une architecture monumentale inspir\u00e9e notamment des cases rondes de Casamance, une r\u00e9gion du sud du S\u00e9n\u00e9gal, le MCN fait face au Grand Th\u00e9\u00e2tre, aux portes du quartier administratif et des affaires de Dakar. D\u2019une surface de 14\u00a0000\u00a0m<sup>2<\/sup>, il pourra accueillir 18\u00a0000 pi\u00e8ces, allant de vestiges des premiers hominid\u00e9s, apparus en Afrique il y a plusieurs millions d\u2019ann\u00e9es, aux cr\u00e9ations artistiques actuelles, selon son directeur, Hamady Bocoum.<\/p>\n<h4 class=\"article__sub-title\">\u00ab\u00a0Un projet panafricain\u00a0\u00bb<\/h4>\n<p>Sa construction et son am\u00e9nagement ont \u00e9t\u00e9 financ\u00e9s par la Chine pour plus de 30\u00a0millions d\u2019euros. Sans d\u00e9voiler pr\u00e9cis\u00e9ment les objets qui seront expos\u00e9s lors de l\u2019ouverture, M.\u00a0Bocoum a \u00e9voqu\u00e9 la pr\u00e9sence de cr\u00e2nes, d\u2019outils en pierre, de peintures, de sculptures et autres masques.\u00a0<em>\u00ab\u00a0C\u2019est un projet panafricain. Il y aura une facette de chaque partie de l\u2019Afrique\u00a0\u00bb<\/em>, a-t-il soulign\u00e9, en assurant que le mus\u00e9e pourra accueillir des \u0153uvres d\u2019autres pays du continent moins bien dot\u00e9s.<\/p>\n<p>Read more on <strong><a href=\"https:\/\/www.lemonde.fr\/afrique\/article\/2018\/12\/05\/le-senegal-inaugure-un-musee-des-civilisations-noires-a-dakar_5392879_3212.html\">Le Monde<\/a><\/strong><\/p>\n","protected":false},"excerpt":{"rendered":"<p>Le\u00a0S\u00e9n\u00e9gal\u00a0inaugure jeudi 6\u00a0d\u00e9cembre \u00e0 Dakar un mus\u00e9e consacr\u00e9 aux\u00a0\u00ab\u00a0civilisations noires\u00a0\u00bb\u00a0depuis l\u2019aube de l\u2019humanit\u00e9, un projet\u00a0\u00ab\u00a0panafricain\u00a0\u00bb\u00a0concr\u00e9tis\u00e9 un demi-si\u00e8cle apr\u00e8s son lancement par le premier pr\u00e9sident du pays, L\u00e9opold S\u00e9dar Senghor (1960-1980), au moment o\u00f9 progresse l\u2019id\u00e9e d\u2019une restitution au continent de &hellip; <a href=\"https:\/\/francophone.port.ac.uk\/?p=2083\">Continue reading <span class=\"meta-nav\">&rarr;<\/span><\/a><\/p>\n","protected":false},"author":9,"featured_media":0,"comment_status":"open","ping_status":"open","sticky":false,"template":"","format":"standard","meta":{"jetpack_post_was_ever_published":false,"_jetpack_newsletter_access":"","_jetpack_dont_email_post_to_subs":false,"_jetpack_newsletter_tier_id":0,"_jetpack_memberships_contains_paywalled_content":false,"_jetpack_memberships_contains_paid_content":false,"footnotes":""},"categories":[3],"tags":[58,29,316,449,252,669,86],"class_list":["post-2083","post","type-post","status-publish","format-standard","hentry","category-blogs","tag-africa","tag-art","tag-china","tag-dakar","tag-france","tag-museum","tag-senegal"],"jetpack_featured_media_url":"","jetpack_sharing_enabled":true,"_links":{"self":[{"href":"https:\/\/francophone.port.ac.uk\/index.php?rest_route=\/wp\/v2\/posts\/2083","targetHints":{"allow":["GET"]}}],"collection":[{"href":"https:\/\/francophone.port.ac.uk\/index.php?rest_route=\/wp\/v2\/posts"}],"about":[{"href":"https:\/\/francophone.port.ac.uk\/index.php?rest_route=\/wp\/v2\/types\/post"}],"author":[{"embeddable":true,"href":"https:\/\/francophone.port.ac.uk\/index.php?rest_route=\/wp\/v2\/users\/9"}],"replies":[{"embeddable":true,"href":"https:\/\/francophone.port.ac.uk\/index.php?rest_route=%2Fwp%2Fv2%2Fcomments&post=2083"}],"version-history":[{"count":1,"href":"https:\/\/francophone.port.ac.uk\/index.php?rest_route=\/wp\/v2\/posts\/2083\/revisions"}],"predecessor-version":[{"id":2084,"href":"https:\/\/francophone.port.ac.uk\/index.php?rest_route=\/wp\/v2\/posts\/2083\/revisions\/2084"}],"wp:attachment":[{"href":"https:\/\/francophone.port.ac.uk\/index.php?rest_route=%2Fwp%2Fv2%2Fmedia&parent=2083"}],"wp:term":[{"taxonomy":"category","embeddable":true,"href":"https:\/\/francophone.port.ac.uk\/index.php?rest_route=%2Fwp%2Fv2%2Fcategories&post=2083"},{"taxonomy":"post_tag","embeddable":true,"href":"https:\/\/francophone.port.ac.uk\/index.php?rest_route=%2Fwp%2Fv2%2Ftags&post=2083"}],"curies":[{"name":"wp","href":"https:\/\/api.w.org\/{rel}","templated":true}]}}