{"id":2102,"date":"2019-01-12T12:06:48","date_gmt":"2019-01-12T12:06:48","guid":{"rendered":"http:\/\/francophone.port.ac.uk\/?p=2102"},"modified":"2019-01-12T12:06:48","modified_gmt":"2019-01-12T12:06:48","slug":"lelysee-embarrasse-par-les-voyages-daffaires-dalexandre-benalla-au-tchad","status":"publish","type":"post","link":"https:\/\/francophone.port.ac.uk\/?p=2102","title":{"rendered":"L\u2019Elys\u00e9e embarrass\u00e9 par les voyages d\u2019affaires d\u2019Alexandre Benalla au Tchad"},"content":{"rendered":"<p><em>Le chef de l\u2019Etat a dit au pr\u00e9sident tchadien Idriss D\u00e9by que \u00ab\u00a0cette personne n\u2019\u00e9tait en aucun cas un interm\u00e9diaire officieux ou officiel\u00a0\u00bb de la France.<\/em><\/p>\n<p><em>\u00ab\u00a0Vous voyez, je suis venu\u00a0!\u00a0\u00bb<\/em>\u00a0A peine arriv\u00e9 \u00e0 l\u2019a\u00e9roport de N\u2019Djamena, samedi 22\u00a0d\u00e9cembre, Emmanuel Macron s\u2019est enferm\u00e9 avec son homologue, Idriss D\u00e9by, pour un premier t\u00eate-\u00e0-t\u00eate. Au menu des \u00e9changes : la force Barkhane qui lutte contre les groupes terroristes arm\u00e9s au Sahel, l\u2019\u00e9ducation, la sant\u00e9, les femmes, les subventions fran\u00e7aises, mais aussi\u2026 Alexandre Benalla,<a href=\"https:\/\/www.lemonde.fr\/affaire-benalla\/\">\u00a0aujourd\u2019hui mis en examen pour \u00ab\u00a0violences volontaires\u00a0\u00bb, \u00ab\u00a0port prohib\u00e9 et sans droit d\u2019insignes r\u00e9glement\u00e9s par l\u2019autorit\u00e9 publique\u00a0\u00bb et \u00ab\u00a0recel d\u2019images issues d\u2019un syst\u00e8me de vid\u00e9oprotection\u00a0\u00bb.<\/a><\/p>\n<p>D\u00e9mis de ses fonctions par l\u2019Elys\u00e9e en juillet, apr\u00e8s que la pr\u00e9sidence a d\u2019abord cach\u00e9 les violences exerc\u00e9es le 1<sup>er<\/sup>-Mai par son collaborateur, place de la Contrescarpe \u00e0 Paris, l\u2019ancien adjoint au chef de cabinet d\u2019Emmanuel Macron s\u2019est rendu d\u00e9but d\u00e9cembre au Tchad pour un court s\u00e9jour \u00e0 N\u2019Djamena, ont confirm\u00e9 au\u00a0<em>Monde<\/em>des sources concordantes.<\/p>\n<p>L\u2019une d\u2019elle pr\u00e9cise qu\u2019il\u00a0<em>\u00ab\u00a0est venu accompagn\u00e9 d\u2019une demi-douzaine de personnes, par avion priv\u00e9, r\u00e9glant les frais par Carte bleue\u00a0\u00bb,<\/em>\u00a0dont le s\u00e9jour \u00e0 l\u2019H\u00f4tel Hilton, dans la capitale tchadienne, avant de repartir le 4\u00a0d\u00e9cembre par un avion de ligne. Selon\u00a0<em>La lettre du continent<\/em>\u00a0du 12\u00a0d\u00e9cembre, M.\u00a0Benalla aurait rencontr\u00e9 le fr\u00e8re du pr\u00e9sident tchadien, Oumar D\u00e9by, qui pilote la direction g\u00e9n\u00e9rale de la r\u00e9serve strat\u00e9gique (DGRS) tchadienne.<\/p>\n<p><em>\u00ab\u00a0Emmanuel Macron a tenu \u00e0 faire savoir samedi \u00e0 Idriss D\u00e9by que cette personne n\u2019\u00e9tait en aucun cas un interm\u00e9diaire officieux ou officiel<\/em>, nous indique l\u2019Elys\u00e9e.\u00a0<em>Seuls le ministre des affaires \u00e9trang\u00e8res, Jean-Yves Le Drian, le conseiller diplomatique du pr\u00e9sident, Philippe Etienne, et Franck Paris, son conseiller Afrique, peuvent se pr\u00e9valoir du chef de l\u2019Etat\u00a0\u00bb<\/em>\u00a0sur le terrain africain. La pr\u00e9sidence rappelle que, depuis son \u00e9lection, M. Macron\u00a0<em>\u00ab\u00a0veut absolument rompre avec la R\u00e9publique des interm\u00e9diaires, notamment en Afrique\u00a0\u00bb.<\/em><\/p>\n<h2 class=\"article__sub-title\">\u00ab\u00a0Plus aucun contact\u00a0\u00bb<\/h2>\n<p>Depuis qu\u2019il a \u00e9t\u00e9 contraint de quitter l\u2019Elys\u00e9e, Alexandre Benalla semble s\u2019\u00eatre lanc\u00e9 dans les affaires internationales. L\u2019ex-conseiller a ainsi rencontr\u00e9 plusieurs fois l\u2019interm\u00e9diaire Alexandre Djouhri \u00e0 Londres, ville o\u00f9 l\u2019homme d\u2019affaires franco-alg\u00e9rien a \u00e9t\u00e9 interpell\u00e9 en janvier et attend sa d\u00e9cision d\u2019extradition vers la France.<\/p>\n<p>Read more on <strong><a href=\"https:\/\/www.lemonde.fr\/politique\/article\/2018\/12\/24\/l-elysee-embarrasse-par-les-voyages-d-affaires-d-alexandre-benalla_5401806_823448.html\">Le Monde<\/a><\/strong><\/p>\n<p>Sent by\u00a0<strong>Edouard Bustin<\/strong><\/p>\n","protected":false},"excerpt":{"rendered":"<p>Le chef de l\u2019Etat a dit au pr\u00e9sident tchadien Idriss D\u00e9by que \u00ab\u00a0cette personne n\u2019\u00e9tait en aucun cas un interm\u00e9diaire officieux ou officiel\u00a0\u00bb de la France. \u00ab\u00a0Vous voyez, je suis venu\u00a0!\u00a0\u00bb\u00a0A peine arriv\u00e9 \u00e0 l\u2019a\u00e9roport de N\u2019Djamena, samedi 22\u00a0d\u00e9cembre, Emmanuel &hellip; <a href=\"https:\/\/francophone.port.ac.uk\/?p=2102\">Continue reading <span class=\"meta-nav\">&rarr;<\/span><\/a><\/p>\n","protected":false},"author":9,"featured_media":0,"comment_status":"open","ping_status":"open","sticky":false,"template":"","format":"standard","meta":{"jetpack_post_was_ever_published":false,"_jetpack_newsletter_access":"","_jetpack_dont_email_post_to_subs":false,"_jetpack_newsletter_tier_id":0,"_jetpack_memberships_contains_paywalled_content":false,"_jetpack_memberships_contains_paid_content":false,"footnotes":""},"categories":[3],"tags":[681,58,380,252],"class_list":["post-2102","post","type-post","status-publish","format-standard","hentry","category-blogs","tag-affaire-benalla","tag-africa","tag-chad","tag-france"],"jetpack_featured_media_url":"","jetpack_sharing_enabled":true,"_links":{"self":[{"href":"https:\/\/francophone.port.ac.uk\/index.php?rest_route=\/wp\/v2\/posts\/2102","targetHints":{"allow":["GET"]}}],"collection":[{"href":"https:\/\/francophone.port.ac.uk\/index.php?rest_route=\/wp\/v2\/posts"}],"about":[{"href":"https:\/\/francophone.port.ac.uk\/index.php?rest_route=\/wp\/v2\/types\/post"}],"author":[{"embeddable":true,"href":"https:\/\/francophone.port.ac.uk\/index.php?rest_route=\/wp\/v2\/users\/9"}],"replies":[{"embeddable":true,"href":"https:\/\/francophone.port.ac.uk\/index.php?rest_route=%2Fwp%2Fv2%2Fcomments&post=2102"}],"version-history":[{"count":1,"href":"https:\/\/francophone.port.ac.uk\/index.php?rest_route=\/wp\/v2\/posts\/2102\/revisions"}],"predecessor-version":[{"id":2103,"href":"https:\/\/francophone.port.ac.uk\/index.php?rest_route=\/wp\/v2\/posts\/2102\/revisions\/2103"}],"wp:attachment":[{"href":"https:\/\/francophone.port.ac.uk\/index.php?rest_route=%2Fwp%2Fv2%2Fmedia&parent=2102"}],"wp:term":[{"taxonomy":"category","embeddable":true,"href":"https:\/\/francophone.port.ac.uk\/index.php?rest_route=%2Fwp%2Fv2%2Fcategories&post=2102"},{"taxonomy":"post_tag","embeddable":true,"href":"https:\/\/francophone.port.ac.uk\/index.php?rest_route=%2Fwp%2Fv2%2Ftags&post=2102"}],"curies":[{"name":"wp","href":"https:\/\/api.w.org\/{rel}","templated":true}]}}