{"id":2104,"date":"2019-01-14T10:40:14","date_gmt":"2019-01-14T10:40:14","guid":{"rendered":"http:\/\/francophone.port.ac.uk\/?p=2104"},"modified":"2019-01-14T10:40:14","modified_gmt":"2019-01-14T10:40:14","slug":"lhommage-appuye-de-macron-aux-soldats-francais-de-barkhane","status":"publish","type":"post","link":"https:\/\/francophone.port.ac.uk\/?p=2104","title":{"rendered":"L&#8217;hommage appuy\u00e9 de Macron aux soldats fran\u00e7ais de \u00abBarkhane\u00bb"},"content":{"rendered":"<p>\u00abPartout o\u00f9 nous combattons le terrorisme, nous prot\u00e9geons les n\u00f4tres\u00bb, a d\u00e9clar\u00e9 Emmanuel Macron, samedi soir \u00e0 N&#8217;Djamena, en s&#8217;adressant \u00e0 un millier de soldats de l&#8217;op\u00e9ration \u00abBarkhane\u00bb avec qui il est venu f\u00eater No\u00ebl avant l&#8217;heure. Au Sahel, loin de\u00a0<a href=\"http:\/\/www.lefigaro.fr\/actualite-france\/2018\/12\/22\/01016-20181222ARTFIG00118-gilets-jaunes-une-fin-de-semaine-marquee-par-des-actions-choquantes-et-polemiques.php\" target=\"\">la r\u00e9volte des \u00abgilets jaunes\u00bb<\/a>\u00a0et\u00a0<a href=\"http:\/\/www.lefigaro.fr\/flash-actu\/2018\/12\/22\/97001-20181222FILWWW00113-video-gilets-jaunes-des-policiers-pris-a-partie-a-paris.php\" target=\"\">de la violence des casseurs<\/a>, le chef de l&#8217;\u00c9tat, chef des arm\u00e9es, n&#8217;a pas longuement \u00e9voqu\u00e9 la situation du pays. Tout en assurant toutefois qu&#8217;il \u00e9tait temps que\u00a0<a href=\"http:\/\/www.lefigaro.fr\/flash-actu\/2018\/12\/23\/97001-20181223FILWWW00014-macron-c-est-maintenant-l-ordre-le-calme-et-la-concorde-qui-doivent-regner.php\" target=\"\">le pays retrouve \u00abcalme et concorde\u00bb<\/a>\u00a0apr\u00e8s les violences du jour, il a n\u00e9anmoins cit\u00e9 le r\u00e9cent attentat de Strasbourg et rendu un vibrant hommage aux militaires fran\u00e7ais. Et notamment ceux qui combattent les groupes terroristes au Sahel.<\/p>\n<p>\u00abLes Fran\u00e7ais comptent sur vous\u00bb, a lanc\u00e9 le chef de l&#8217;Etat aux soldats, avant de partager avec un eux un repas pr\u00e9par\u00e9 par le chef des cuisines de l&#8217;\u00c9lys\u00e9e, Guillaume Gomez, et servi en plein air dans le Kosse\u00ef qui h\u00e9berge le PC de la force Barkhane. L&#8217;an dernier, Emmanuel Macron s&#8217;\u00e9tait d\u00e9j\u00e0 rendu au Sahel avant No\u00ebl, \u00e0 Nyamey, au Niger, pour un repas avec les troupes.<\/p>\n<p>\u00abDe la stabilit\u00e9 des pays de la r\u00e9gion d\u00e9pend la stabilit\u00e9 de notre Europe\u00bb, a dit le chef de l&#8217;Etat, en vantant les r\u00e9sultats obtenus\u00a0<a href=\"http:\/\/www.lefigaro.fr\/international\/2018\/02\/11\/01003-20180211ARTFIG00137-va-t-on-vers-la-fin-de-l-operation-barkhane-au-sahel.php\" target=\"\">cette ann\u00e9e par \u00abBarkhane\u00bb<\/a>\u00a0contre les groupes terroristes mais aussi le soutien des pays de la r\u00e9gion pour renforcer leur s\u00e9curit\u00e9. \u00abCombattre le terrorisme et en m\u00eame temps mener des actions de coop\u00e9ration et d&#8217;assistance, c&#8217;est la grandeur de votre mission\u00bb, a d\u00e9clar\u00e9 Emmanuel Macron qui a rappel\u00e9 par ailleurs les espoirs plac\u00e9s la force conjointe du G-5Sahel (Burkina-Faso, Mauritanie, Niger, Mali, Tchad).<\/p>\n<p>Read more on <strong><a href=\"http:\/\/www.lefigaro.fr\/international\/2018\/12\/23\/01003-20181223ARTFIG00012-l-hommage-appuye-de-macron-aux-soldats-francais-de-barkhane.php\">Le Figaro<\/a><\/strong><\/p>\n<p><strong>Sent by Edouard Bustin\u00a0<\/strong><\/p>\n","protected":false},"excerpt":{"rendered":"<p>\u00abPartout o\u00f9 nous combattons le terrorisme, nous prot\u00e9geons les n\u00f4tres\u00bb, a d\u00e9clar\u00e9 Emmanuel Macron, samedi soir \u00e0 N&#8217;Djamena, en s&#8217;adressant \u00e0 un millier de soldats de l&#8217;op\u00e9ration \u00abBarkhane\u00bb avec qui il est venu f\u00eater No\u00ebl avant l&#8217;heure. Au Sahel, loin &hellip; <a href=\"https:\/\/francophone.port.ac.uk\/?p=2104\">Continue reading <span class=\"meta-nav\">&rarr;<\/span><\/a><\/p>\n","protected":false},"author":9,"featured_media":0,"comment_status":"open","ping_status":"open","sticky":false,"template":"","format":"standard","meta":{"jetpack_post_was_ever_published":false,"_jetpack_newsletter_access":"","_jetpack_dont_email_post_to_subs":false,"_jetpack_newsletter_tier_id":0,"_jetpack_memberships_contains_paywalled_content":false,"_jetpack_memberships_contains_paid_content":false,"footnotes":""},"categories":[3],"tags":[58,569,414,252,550,356,72,682,416,408,683,406],"class_list":["post-2104","post","type-post","status-publish","format-standard","hentry","category-blogs","tag-africa","tag-barkhane","tag-burkina-faso","tag-france","tag-g5-sahel","tag-macron","tag-mali","tag-mauritanie","tag-niger","tag-security","tag-tchad","tag-terrorism"],"jetpack_featured_media_url":"","jetpack_sharing_enabled":true,"_links":{"self":[{"href":"https:\/\/francophone.port.ac.uk\/index.php?rest_route=\/wp\/v2\/posts\/2104","targetHints":{"allow":["GET"]}}],"collection":[{"href":"https:\/\/francophone.port.ac.uk\/index.php?rest_route=\/wp\/v2\/posts"}],"about":[{"href":"https:\/\/francophone.port.ac.uk\/index.php?rest_route=\/wp\/v2\/types\/post"}],"author":[{"embeddable":true,"href":"https:\/\/francophone.port.ac.uk\/index.php?rest_route=\/wp\/v2\/users\/9"}],"replies":[{"embeddable":true,"href":"https:\/\/francophone.port.ac.uk\/index.php?rest_route=%2Fwp%2Fv2%2Fcomments&post=2104"}],"version-history":[{"count":1,"href":"https:\/\/francophone.port.ac.uk\/index.php?rest_route=\/wp\/v2\/posts\/2104\/revisions"}],"predecessor-version":[{"id":2105,"href":"https:\/\/francophone.port.ac.uk\/index.php?rest_route=\/wp\/v2\/posts\/2104\/revisions\/2105"}],"wp:attachment":[{"href":"https:\/\/francophone.port.ac.uk\/index.php?rest_route=%2Fwp%2Fv2%2Fmedia&parent=2104"}],"wp:term":[{"taxonomy":"category","embeddable":true,"href":"https:\/\/francophone.port.ac.uk\/index.php?rest_route=%2Fwp%2Fv2%2Fcategories&post=2104"},{"taxonomy":"post_tag","embeddable":true,"href":"https:\/\/francophone.port.ac.uk\/index.php?rest_route=%2Fwp%2Fv2%2Ftags&post=2104"}],"curies":[{"name":"wp","href":"https:\/\/api.w.org\/{rel}","templated":true}]}}