{"id":2106,"date":"2019-01-17T13:32:42","date_gmt":"2019-01-17T13:32:42","guid":{"rendered":"http:\/\/francophone.port.ac.uk\/?p=2106"},"modified":"2019-01-17T13:32:42","modified_gmt":"2019-01-17T13:32:42","slug":"democratie-en-afrique-lavis-positif-de-la-cedeao-sur-le-togo-est-decevant","status":"publish","type":"post","link":"https:\/\/francophone.port.ac.uk\/?p=2106","title":{"rendered":"D\u00e9mocratie en Afrique: \u00abL&#8217;avis positif de la C\u00e9d\u00e9ao sur le Togo est d\u00e9cevant\u00bb"},"content":{"rendered":"<header><\/header>\n<div class=\"intro\">\n<p>Afrique. A-t-elle avanc\u00e9 ou recul\u00e9 en 2018 ? A l&#8217;heure du bilan de cette ann\u00e9e, Gilles Yabi nous livre son analyse. Ce chercheur b\u00e9ninois est le fondateur de Wathi, un centre de r\u00e9flexion sur l&#8217;Afrique de l&#8217;Ouest, qui est bas\u00e9 \u00e0 Dakar. En ligne de la capitale s\u00e9n\u00e9galaise, Gilles Yabi r\u00e9pond aux questions de Christophe Boisbouvier.<\/p>\n<\/div>\n<p><b>Au Togo, les l\u00e9gislatives viennent de se tenir, mais en l\u2019absence de l\u2019opposition, qui ne veut pas que le pr\u00e9sident Faure Gnassingb\u00e9 se repr\u00e9sente en 2020 pour un quatri\u00e8me mandat. Qu\u2019en pensez-vous ?<\/b><\/p>\n<p><b>Gilles Yabi<\/b>: Je pense que c\u2019est justement un des cas les plus frappants, et c\u2019est un peu d\u00e9sesp\u00e9rant je dois dire. C\u2019est le seul pays dans l\u2019espace C\u00e9d\u00e9ao, de l\u2019Afrique de l\u2019Ouest, qui n\u2019a pas connu une v\u00e9ritable alternance d\u00e9mocratique. Donc aujourd\u2019hui, c\u2019est assez inqui\u00e9tant et d\u00e9cevant que la C\u00e9d\u00e9ao en particulier ait donn\u00e9 une sorte d\u2019avis positif sur ces \u00e9lections l\u00e9gislatives, qui \u00e0 mon sens sont des \u00e9lections parfaitement inutiles puisqu\u2019elles ne mettent pas fin \u00e0 la crise. Et on a bien vu les manifestations l\u2019ann\u00e9e derni\u00e8re, on sait que le probl\u00e8me de fond, c\u2019est une v\u00e9ritable alternance au Togo.<\/p>\n<p><b>Vous parlez de la r\u00e9action tr\u00e8s timide de la\u00a0<\/b><strong>Communaut\u00e9 \u00e9conomique des Etats de l\u2019Afrique de l\u2019Ouest<\/strong>\u00a0(<b>C\u00e9d\u00e9ao). Pensez-vous comme certains que le m\u00e9diateur guin\u00e9en, Alpha Cond\u00e9, n\u2019est pas tr\u00e8s press\u00e9 de demander au pr\u00e9sident Faure Gnassingb\u00e9 de renoncer \u00e0 un quatri\u00e8me mandat, parce que lui-m\u00eame envisage peut-\u00eatre de modifier la Constitution de son pays pour briguer un troisi\u00e8me mandat en 2020 ?<\/b><\/p>\n<p>On peut sans doute faire cette interpr\u00e9tation, mais je pense qu\u2019aujourd\u2019hui, ce qui se passe, c\u2019est que du c\u00f4t\u00e9 de la conf\u00e9rence des chefs d\u2019Etat, il n\u2019y a pas n\u00e9cessairement de v\u00e9ritables d\u00e9fenseurs des principes essentiels pour la C\u00e9d\u00e9ao. Mais aussi du c\u00f4t\u00e9 de la Commission de la C\u00e9d\u00e9ao, qui essaie de porter des principes de gouvernance et de d\u00e9mocratie, finalement, ce n\u2019est pas tr\u00e8s important de d\u00e9fendre les valeurs qui sont inscrites, notamment dans le protocole additionnel sur la d\u00e9mocratie.<\/p>\n<p><strong>Read more on <a href=\"http:\/\/www.rfi.fr\/emission\/20181226-democratie-afrique-avis-positif-cedeao-togo\">RFI<\/a><\/strong><\/p>\n","protected":false},"excerpt":{"rendered":"<p>Afrique. A-t-elle avanc\u00e9 ou recul\u00e9 en 2018 ? A l&#8217;heure du bilan de cette ann\u00e9e, Gilles Yabi nous livre son analyse. Ce chercheur b\u00e9ninois est le fondateur de Wathi, un centre de r\u00e9flexion sur l&#8217;Afrique de l&#8217;Ouest, qui est bas\u00e9 &hellip; <a href=\"https:\/\/francophone.port.ac.uk\/?p=2106\">Continue reading <span class=\"meta-nav\">&rarr;<\/span><\/a><\/p>\n","protected":false},"author":9,"featured_media":0,"comment_status":"open","ping_status":"open","sticky":false,"template":"","format":"standard","meta":{"jetpack_post_was_ever_published":false,"_jetpack_newsletter_access":"","_jetpack_dont_email_post_to_subs":false,"_jetpack_newsletter_tier_id":0,"_jetpack_memberships_contains_paywalled_content":false,"_jetpack_memberships_contains_paid_content":false,"footnotes":""},"categories":[3],"tags":[58,684,419,193,418],"class_list":["post-2106","post","type-post","status-publish","format-standard","hentry","category-blogs","tag-africa","tag-analysis","tag-cedeao","tag-democracy","tag-ecowas"],"jetpack_featured_media_url":"","jetpack_sharing_enabled":true,"_links":{"self":[{"href":"https:\/\/francophone.port.ac.uk\/index.php?rest_route=\/wp\/v2\/posts\/2106","targetHints":{"allow":["GET"]}}],"collection":[{"href":"https:\/\/francophone.port.ac.uk\/index.php?rest_route=\/wp\/v2\/posts"}],"about":[{"href":"https:\/\/francophone.port.ac.uk\/index.php?rest_route=\/wp\/v2\/types\/post"}],"author":[{"embeddable":true,"href":"https:\/\/francophone.port.ac.uk\/index.php?rest_route=\/wp\/v2\/users\/9"}],"replies":[{"embeddable":true,"href":"https:\/\/francophone.port.ac.uk\/index.php?rest_route=%2Fwp%2Fv2%2Fcomments&post=2106"}],"version-history":[{"count":1,"href":"https:\/\/francophone.port.ac.uk\/index.php?rest_route=\/wp\/v2\/posts\/2106\/revisions"}],"predecessor-version":[{"id":2107,"href":"https:\/\/francophone.port.ac.uk\/index.php?rest_route=\/wp\/v2\/posts\/2106\/revisions\/2107"}],"wp:attachment":[{"href":"https:\/\/francophone.port.ac.uk\/index.php?rest_route=%2Fwp%2Fv2%2Fmedia&parent=2106"}],"wp:term":[{"taxonomy":"category","embeddable":true,"href":"https:\/\/francophone.port.ac.uk\/index.php?rest_route=%2Fwp%2Fv2%2Fcategories&post=2106"},{"taxonomy":"post_tag","embeddable":true,"href":"https:\/\/francophone.port.ac.uk\/index.php?rest_route=%2Fwp%2Fv2%2Ftags&post=2106"}],"curies":[{"name":"wp","href":"https:\/\/api.w.org\/{rel}","templated":true}]}}