{"id":2109,"date":"2019-01-20T14:49:57","date_gmt":"2019-01-20T14:49:57","guid":{"rendered":"http:\/\/francophone.port.ac.uk\/?p=2109"},"modified":"2019-01-20T14:49:57","modified_gmt":"2019-01-20T14:49:57","slug":"mauritanie-un-depute-antiesclavagiste-libere-apres-cinq-mois-de-prison","status":"publish","type":"post","link":"https:\/\/francophone.port.ac.uk\/?p=2109","title":{"rendered":"Mauritanie : un d\u00e9put\u00e9 antiesclavagiste lib\u00e9r\u00e9 apr\u00e8s cinq mois de prison"},"content":{"rendered":"<p><em>Biram Ould Dah Ould Abeid est sorti de prison lundi soir apr\u00e8s avoir \u00e9t\u00e9 condamn\u00e9 \u00e0 six mois de prison dont deux ferme, une peine qu\u2019il a d\u00e9j\u00e0 purg\u00e9e.<\/em><\/p>\n<p>Apr\u00e8s cinq mois de d\u00e9tention \u00e0 la suite d\u2019une plainte d\u00e9pos\u00e9e par un journaliste, le d\u00e9put\u00e9 d\u2019opposition antiesclavagiste mauritanien Biram Ould Dah Ould Abeid est sorti de prison lundi 31\u00a0d\u00e9cembre au soir. Au terme d\u2019un proc\u00e8s devant un tribunal de la capitale, Nouakchott, il a \u00e9t\u00e9 condamn\u00e9 \u00e0 six mois de prison dont deux mois ferme, une peine qu\u2019il a d\u00e9j\u00e0 purg\u00e9e, puisqu\u2019il \u00e9tait plac\u00e9 en d\u00e9tention depuis le 7\u00a0ao\u00fbt.<\/p>\n<p>Un militant de son ONG antiesclavagiste, l\u2019Initiative pour la r\u00e9surgence du mouvement abolitionniste (IRA), Abdallahi Ould Housseine, avec qui il \u00e9tait en d\u00e9tention pr\u00e9ventive et qui \u00e9tait accus\u00e9 de complicit\u00e9, a \u00e9galement \u00e9t\u00e9 condamn\u00e9 \u00e0 six mois de prison dont deux mois ferme.\u00a0<a href=\"https:\/\/www.lemonde.fr\/afrique\/article\/2018\/08\/14\/en-mauritanie-inculpation-d-un-opposant-et-militant-anti-esclavagiste_5342217_3212.html\">Le parquet avait requis cinq ans ferme contre M. Ould Abeid et trois ans ferme contre M. Ould Housseine<\/a>.<\/p>\n<h3 class=\"article__sub-title\">Immunit\u00e9 parlementaire<\/h3>\n<p>Apr\u00e8s le jugement, les deux d\u00e9tenus sont sortis libres de la prison d\u2019Arafat, dans le sud de la capitale, a constat\u00e9 un journaliste de l\u2019Agence France-Presse (AFP).\u00a0<em>\u00ab\u00a0Je n\u2019ai jamais commis de crime. C\u2019est une manigance des services de renseignement, avec la complicit\u00e9 des juges qui sont inf\u00e9od\u00e9s au pouvoir politique\u00a0\u00bb<\/em>, a d\u00e9clar\u00e9 \u00e0 la presse M. Ould Abeid, apr\u00e8s son proc\u00e8s. Il avait refus\u00e9 de s\u2019exprimer \u00e0 la barre, arguant de son immunit\u00e9 parlementaire.<\/p>\n<p>Read more on<strong><a href=\"https:\/\/www.lemonde.fr\/afrique\/article\/2019\/01\/01\/mauritanie-un-depute-antiesclavagiste-libere-apres-cinq-mois-de-prison_5404125_3212.html\"> Le Monde<\/a><\/strong><\/p>\n","protected":false},"excerpt":{"rendered":"<p>Biram Ould Dah Ould Abeid est sorti de prison lundi soir apr\u00e8s avoir \u00e9t\u00e9 condamn\u00e9 \u00e0 six mois de prison dont deux ferme, une peine qu\u2019il a d\u00e9j\u00e0 purg\u00e9e. Apr\u00e8s cinq mois de d\u00e9tention \u00e0 la suite d\u2019une plainte d\u00e9pos\u00e9e &hellip; <a href=\"https:\/\/francophone.port.ac.uk\/?p=2109\">Continue reading <span class=\"meta-nav\">&rarr;<\/span><\/a><\/p>\n","protected":false},"author":9,"featured_media":0,"comment_status":"open","ping_status":"open","sticky":false,"template":"","format":"standard","meta":{"jetpack_post_was_ever_published":false,"_jetpack_newsletter_access":"","_jetpack_dont_email_post_to_subs":false,"_jetpack_newsletter_tier_id":0,"_jetpack_memberships_contains_paywalled_content":false,"_jetpack_memberships_contains_paid_content":false,"footnotes":""},"categories":[3],"tags":[],"class_list":["post-2109","post","type-post","status-publish","format-standard","hentry","category-blogs"],"jetpack_featured_media_url":"","jetpack_sharing_enabled":true,"_links":{"self":[{"href":"https:\/\/francophone.port.ac.uk\/index.php?rest_route=\/wp\/v2\/posts\/2109","targetHints":{"allow":["GET"]}}],"collection":[{"href":"https:\/\/francophone.port.ac.uk\/index.php?rest_route=\/wp\/v2\/posts"}],"about":[{"href":"https:\/\/francophone.port.ac.uk\/index.php?rest_route=\/wp\/v2\/types\/post"}],"author":[{"embeddable":true,"href":"https:\/\/francophone.port.ac.uk\/index.php?rest_route=\/wp\/v2\/users\/9"}],"replies":[{"embeddable":true,"href":"https:\/\/francophone.port.ac.uk\/index.php?rest_route=%2Fwp%2Fv2%2Fcomments&post=2109"}],"version-history":[{"count":1,"href":"https:\/\/francophone.port.ac.uk\/index.php?rest_route=\/wp\/v2\/posts\/2109\/revisions"}],"predecessor-version":[{"id":2110,"href":"https:\/\/francophone.port.ac.uk\/index.php?rest_route=\/wp\/v2\/posts\/2109\/revisions\/2110"}],"wp:attachment":[{"href":"https:\/\/francophone.port.ac.uk\/index.php?rest_route=%2Fwp%2Fv2%2Fmedia&parent=2109"}],"wp:term":[{"taxonomy":"category","embeddable":true,"href":"https:\/\/francophone.port.ac.uk\/index.php?rest_route=%2Fwp%2Fv2%2Fcategories&post=2109"},{"taxonomy":"post_tag","embeddable":true,"href":"https:\/\/francophone.port.ac.uk\/index.php?rest_route=%2Fwp%2Fv2%2Ftags&post=2109"}],"curies":[{"name":"wp","href":"https:\/\/api.w.org\/{rel}","templated":true}]}}