{"id":2141,"date":"2019-02-12T16:14:35","date_gmt":"2019-02-12T16:14:35","guid":{"rendered":"http:\/\/francophone.port.ac.uk\/?p=2141"},"modified":"2019-02-12T16:14:35","modified_gmt":"2019-02-12T16:14:35","slug":"centrafrique-les-chefs-anti-balaka-rattrapes-par-la-justice-internationale","status":"publish","type":"post","link":"https:\/\/francophone.port.ac.uk\/?p=2141","title":{"rendered":"Centrafrique : les chefs anti-balaka rattrap\u00e9s par la justice internationale"},"content":{"rendered":"<h4 class=\"article-standfirst read-left-padding\"><em>Le transfert, mercredi \u00e0 la CPI, de l&#8217;ex-leader des milices chr\u00e9tiennes Patrice-Edouard Nga\u00efssona pour crimes de guerre marque une avanc\u00e9e sur le front judiciaire, alors que le pays reste englu\u00e9 dans une profonde crise politique.\u00a0<\/em><\/h4>\n<p>&nbsp;<\/p>\n<div class=\"article-body read-left-padding\">\n<p>Cette semaine, le Centrafricain Patrice-Edouard Nga\u00efssona est devenu le huiti\u00e8me d\u00e9tenu de la Cour p\u00e9nale internationale (CPI) \u00e0 La Haye. Il doit certainement m\u00e9diter sur les \u00e9tranges tours que r\u00e9serve le destin. D\u00e9but d\u00e9cembre, cet homme de\u00a051\u00a0ans au visage poupin circulait encore tout \u00e0 fait librement entre Bangui et la banlieue parisienne o\u00f9 r\u00e9side une partie de sa famille. Certainement assur\u00e9 que sa nomination il y a pr\u00e8s d\u2019un an, en f\u00e9vrier, au sein du bureau ex\u00e9cutif de la Conf\u00e9d\u00e9ration africaine de football, la CAF, le prot\u00e9geait contre les errements du pass\u00e9.<\/p>\n<p>Qui aurait pu oublier en r\u00e9alit\u00e9 que celui qui est \u00e9galement pr\u00e9sident de la F\u00e9d\u00e9ration centrafricaine de football a jou\u00e9 un r\u00f4le de leader dans l\u2019incroyable bain de sang d\u00e9clench\u00e9 fin\u00a02013\u00a0dans son pays\u00a0? Lui qui fut le \u00abcoordonnateur g\u00e9n\u00e9ral\u00bb des \u00abanti-balaka\u00bb, milices d\u2019autod\u00e9fense chr\u00e9tiennes alors oppos\u00e9es \u00e0 la Seleka, une coalition rebelle h\u00e9t\u00e9roclite \u00e0 connotation musulmane, venue du nord de cet immense pays enclav\u00e9 au c\u0153ur de l\u2019Afrique. \u0152il pour \u0153il, dent pour dent\u00a0: aux exactions des rebelles qui ont conquis la capitale en mars\u00a02013 r\u00e9pond, neuf mois plus tard, une chasse aux musulmans, consid\u00e9r\u00e9s collectivement comme \u00ab<em>complices<\/em>\u00bb de la Seleka, aux yeux des anti-balaka.<\/p>\n<h4>\u00abCha\u00eenon manquant\u00bb<\/h4>\n<p>Leur \u00abSaint Barth\u00e9l\u00e9my\u00bb d\u00e9marre le\u00a05\u00a0d\u00e9cembre\u00a02013, \u00e0 la veille de l\u2019intervention fran\u00e7aise, l\u2019op\u00e9ration Sangaris, cens\u00e9e remettre de l\u2019ordre dans cette ancienne colonie. Malgr\u00e9 la pr\u00e9sence des forces fran\u00e7aises, le chaos le plus total va durer plusieurs mois. Depuis son quartier de Boy-Rabe \u00e0 Bangui, Patrice-Edouard\u00a0Nga\u00efssona en fut l\u2019un des chefs d\u2019orchestre. Et c\u2019est pour\u00a0<em>\u00abcrimes contre l\u2019humanit\u00e9 et crimes de guerre\u00bb<\/em>\u00a0qu\u2019il a \u00e9t\u00e9 arr\u00eat\u00e9 le\u00a012\u00a0d\u00e9cembre dans la banlieue parisienne, avant d\u2019\u00eatre transf\u00e9r\u00e9 mercredi \u00e0 la prison de Scheveningen, \u00e0 La Haye. Il y retrouvera son compatriote Alfred Yekatom, autre chef local des anti-balaka, arr\u00eat\u00e9 fin octobre \u00e0 Bangui pour avoir sorti son arme et tir\u00e9 au sein de l\u2019Assembl\u00e9e nationale, avant\u00a0<a href=\"https:\/\/www.liberation.fr\/planete\/2018\/11\/17\/qui-est-rambo-l-ex-chef-de-milice-centrafricain-extrade-ce-samedi-vers-la-cpi_1692696\">d\u2019\u00eatre transf\u00e9r\u00e9 \u00e0 la CPI deux semaines plus tard<\/a>.<\/p>\n<p>Read more on\u00a0<strong><a href=\"https:\/\/www.liberation.fr\/planete\/2019\/01\/24\/centrafrique-les-chefs-anti-balaka-rattrapes-par-la-justice-internationale_1705052\">Lib\u00e9ration<\/a><\/strong><\/p>\n<\/div>\n","protected":false},"excerpt":{"rendered":"<p>Le transfert, mercredi \u00e0 la CPI, de l&#8217;ex-leader des milices chr\u00e9tiennes Patrice-Edouard Nga\u00efssona pour crimes de guerre marque une avanc\u00e9e sur le front judiciaire, alors que le pays reste englu\u00e9 dans une profonde crise politique.\u00a0 &nbsp; Cette semaine, le Centrafricain &hellip; <a href=\"https:\/\/francophone.port.ac.uk\/?p=2141\">Continue reading <span class=\"meta-nav\">&rarr;<\/span><\/a><\/p>\n","protected":false},"author":9,"featured_media":0,"comment_status":"open","ping_status":"open","sticky":false,"template":"","format":"standard","meta":{"jetpack_post_was_ever_published":false,"_jetpack_newsletter_access":"","_jetpack_dont_email_post_to_subs":false,"_jetpack_newsletter_tier_id":0,"_jetpack_memberships_contains_paywalled_content":false,"_jetpack_memberships_contains_paid_content":false,"footnotes":""},"categories":[1],"tags":[706,704,705,707],"class_list":["post-2141","post","type-post","status-publish","format-standard","hentry","category-uncategorised","tag-caf","tag-cpi","tag-the-hague","tag-war-crimes"],"jetpack_featured_media_url":"","jetpack_sharing_enabled":true,"_links":{"self":[{"href":"https:\/\/francophone.port.ac.uk\/index.php?rest_route=\/wp\/v2\/posts\/2141","targetHints":{"allow":["GET"]}}],"collection":[{"href":"https:\/\/francophone.port.ac.uk\/index.php?rest_route=\/wp\/v2\/posts"}],"about":[{"href":"https:\/\/francophone.port.ac.uk\/index.php?rest_route=\/wp\/v2\/types\/post"}],"author":[{"embeddable":true,"href":"https:\/\/francophone.port.ac.uk\/index.php?rest_route=\/wp\/v2\/users\/9"}],"replies":[{"embeddable":true,"href":"https:\/\/francophone.port.ac.uk\/index.php?rest_route=%2Fwp%2Fv2%2Fcomments&post=2141"}],"version-history":[{"count":1,"href":"https:\/\/francophone.port.ac.uk\/index.php?rest_route=\/wp\/v2\/posts\/2141\/revisions"}],"predecessor-version":[{"id":2142,"href":"https:\/\/francophone.port.ac.uk\/index.php?rest_route=\/wp\/v2\/posts\/2141\/revisions\/2142"}],"wp:attachment":[{"href":"https:\/\/francophone.port.ac.uk\/index.php?rest_route=%2Fwp%2Fv2%2Fmedia&parent=2141"}],"wp:term":[{"taxonomy":"category","embeddable":true,"href":"https:\/\/francophone.port.ac.uk\/index.php?rest_route=%2Fwp%2Fv2%2Fcategories&post=2141"},{"taxonomy":"post_tag","embeddable":true,"href":"https:\/\/francophone.port.ac.uk\/index.php?rest_route=%2Fwp%2Fv2%2Ftags&post=2141"}],"curies":[{"name":"wp","href":"https:\/\/api.w.org\/{rel}","templated":true}]}}