{"id":2144,"date":"2019-02-15T14:41:39","date_gmt":"2019-02-15T14:41:39","guid":{"rendered":"http:\/\/francophone.port.ac.uk\/?p=2144"},"modified":"2019-02-15T14:41:39","modified_gmt":"2019-02-15T14:41:39","slug":"le-burkina-faso-hote-et-sujet-dinquietude-du-sommet-du-g5-sahel","status":"publish","type":"post","link":"https:\/\/francophone.port.ac.uk\/?p=2144","title":{"rendered":"Le Burkina Faso, h\u00f4te et sujet d\u2019inqui\u00e9tude du sommet du G5 Sahel"},"content":{"rendered":"<p><em>Le Burkina Faso a pris officiellement la pr\u00e9sidence du G5 Sahel, mardi 5 f\u00e9vrier, \u00e0\u00a0Ouagadougou, capitale trois fois meurtrie par des attentats en trois ans.<\/em><\/p>\n<p><em>\u00ab Nous devons redoubler d\u2019efforts pour acc\u00e9l\u00e9rer la mont\u00e9e en puissance de la force conjointe \u00bb<\/em>, a martel\u00e9 le pr\u00e9sident burkinab\u00e9 Roch Marc Christian Kabor\u00e9, lors du cinqui\u00e8me sommet des chefs d\u2019Etat de cette alliance militaire anti-terroriste qui regroupe la Mauritanie, le Mali, le Burkina Faso, le Niger et le Tchad.<\/p>\n<p>Les enjeux de la pr\u00e9sidence burkinab\u00e9e sont de taille. Deux ans apr\u00e8s son lancement, la Force conjointe du G5 Sahel peine toujours \u00e0 se mettre en place et les groupes terroristes gagnent du terrain dans certaines zones.\u00a0<em>\u00ab\u00a0Nous devrons donner une nouvelle impulsion \u00e0 la force\u00a0\u00bb<\/em>, promet Gilbert Zongo, le coordonnateur national des actions du G5 Sahel au Burkina.<\/p>\n<p>Il s\u2019agit notamment de rebondir apr\u00e8s la destruction du quartier g\u00e9n\u00e9ral de la Force conjointe, frapp\u00e9 par un attentat-suicide le 29\u00a0juin\u00a02018 \u00e0 S\u00e9var\u00e9, au Mali, suspendant de facto les op\u00e9rations. Depuis le 15\u00a0janvier, celles-ci ont repris\u00a0: trois ont \u00e9t\u00e9 men\u00e9es sur les fuseaux centre, ouest et est.\u00a0<em>\u00ab\u00a0Et elles vont se poursuivre<\/em>, affirme le nouveau commandant de la Force conjointe, le Mauritanien Hanana Ould Sidi.\u00a0<em>Nous sommes en train d\u2019\u00e9tudier les moyens les mieux adapt\u00e9s, les plus pertinents, pour une coop\u00e9ration plus forte entre les forces arm\u00e9es et de s\u00e9curit\u00e9 nationales et la Force conjointe.\u00a0\u00bb<\/em><\/p>\n<h3 class=\"article__sub-title\">Manque de financements<\/h3>\n<p>Mais sur le terrain, les soldats manquent toujours d\u2019\u00e9quipements de protection et de v\u00e9hicules blind\u00e9s.\u00a0<em>\u00ab\u00a0De fortes lacunes en mati\u00e8re de formation et de capacit\u00e9s, l\u2019absence de bases op\u00e9rationnelles s\u00fbres et fortifi\u00e9es et le manque de fonds persistent et ralentissent le d\u00e9ploiement et l\u2019\u00e9quipement des contingents\u00a0\u00bb<\/em>, a point\u00e9 le secr\u00e9taire g\u00e9n\u00e9ral des Nations unies, Antonio Guterres, dans un rapport remis au Conseil de s\u00e9curit\u00e9 le 12\u00a0novembre\u00a02018.<\/p>\n<p>Read more on <strong><a href=\"https:\/\/www.lemonde.fr\/afrique\/article\/2019\/02\/05\/le-burkina-faso-hote-et-sujet-d-inquietude-du-sommet-du-g5-sahel_5419433_3212.html\">Le Monde<\/a><\/strong><\/p>\n","protected":false},"excerpt":{"rendered":"<p>Le Burkina Faso a pris officiellement la pr\u00e9sidence du G5 Sahel, mardi 5 f\u00e9vrier, \u00e0\u00a0Ouagadougou, capitale trois fois meurtrie par des attentats en trois ans. \u00ab Nous devons redoubler d\u2019efforts pour acc\u00e9l\u00e9rer la mont\u00e9e en puissance de la force conjointe &hellip; <a href=\"https:\/\/francophone.port.ac.uk\/?p=2144\">Continue reading <span class=\"meta-nav\">&rarr;<\/span><\/a><\/p>\n","protected":false},"author":9,"featured_media":0,"comment_status":"open","ping_status":"open","sticky":false,"template":"","format":"standard","meta":{"jetpack_post_was_ever_published":false,"_jetpack_newsletter_access":"","_jetpack_dont_email_post_to_subs":false,"_jetpack_newsletter_tier_id":0,"_jetpack_memberships_contains_paywalled_content":false,"_jetpack_memberships_contains_paid_content":false,"footnotes":""},"categories":[1],"tags":[58,414,380,423,413,72,415,416,408,406],"class_list":["post-2144","post","type-post","status-publish","format-standard","hentry","category-uncategorised","tag-africa","tag-burkina-faso","tag-chad","tag-conflict","tag-g5","tag-mali","tag-mauritania","tag-niger","tag-security","tag-terrorism"],"jetpack_featured_media_url":"","jetpack_sharing_enabled":true,"_links":{"self":[{"href":"https:\/\/francophone.port.ac.uk\/index.php?rest_route=\/wp\/v2\/posts\/2144","targetHints":{"allow":["GET"]}}],"collection":[{"href":"https:\/\/francophone.port.ac.uk\/index.php?rest_route=\/wp\/v2\/posts"}],"about":[{"href":"https:\/\/francophone.port.ac.uk\/index.php?rest_route=\/wp\/v2\/types\/post"}],"author":[{"embeddable":true,"href":"https:\/\/francophone.port.ac.uk\/index.php?rest_route=\/wp\/v2\/users\/9"}],"replies":[{"embeddable":true,"href":"https:\/\/francophone.port.ac.uk\/index.php?rest_route=%2Fwp%2Fv2%2Fcomments&post=2144"}],"version-history":[{"count":1,"href":"https:\/\/francophone.port.ac.uk\/index.php?rest_route=\/wp\/v2\/posts\/2144\/revisions"}],"predecessor-version":[{"id":2145,"href":"https:\/\/francophone.port.ac.uk\/index.php?rest_route=\/wp\/v2\/posts\/2144\/revisions\/2145"}],"wp:attachment":[{"href":"https:\/\/francophone.port.ac.uk\/index.php?rest_route=%2Fwp%2Fv2%2Fmedia&parent=2144"}],"wp:term":[{"taxonomy":"category","embeddable":true,"href":"https:\/\/francophone.port.ac.uk\/index.php?rest_route=%2Fwp%2Fv2%2Fcategories&post=2144"},{"taxonomy":"post_tag","embeddable":true,"href":"https:\/\/francophone.port.ac.uk\/index.php?rest_route=%2Fwp%2Fv2%2Ftags&post=2144"}],"curies":[{"name":"wp","href":"https:\/\/api.w.org\/{rel}","templated":true}]}}