{"id":2162,"date":"2019-03-08T13:58:10","date_gmt":"2019-03-08T13:58:10","guid":{"rendered":"http:\/\/francophone.port.ac.uk\/?p=2162"},"modified":"2019-03-08T13:58:15","modified_gmt":"2019-03-08T13:58:15","slug":"g5-sahel-est-ce-raisonnable-que-le-burkina-faso-accepte-dassurer-la-presidence-sinterroge-ablasse-ouedraogo","status":"publish","type":"post","link":"https:\/\/francophone.port.ac.uk\/?p=2162","title":{"rendered":"G5 SAHEL : \u00ab est-ce raisonnable que le Burkina Faso accepte d\u2019assurer la pr\u00e9sidence ? \u00bb, s\u2019interroge Ablass\u00e9 Ou\u00e9draogo"},"content":{"rendered":"\n<p>\u00ab&nbsp;Dans le contexte de d\u00e9gradation catastrophique et effrayante de la s\u00e9curit\u00e9&nbsp; que vit le Burkina Faso, deux questionnements me taraudent l\u2019esprit et certainement que je ne suis pas seul dans ce cas:<\/p>\n\n\n\n<ul class=\"wp-block-list\"><li>Est-ce raisonnable et logique que le Burkina Faso accepte d\u2019assurer la pr\u00e9sidence du G5 SAHEL&nbsp;aujourd\u2019hui? Cette responsabilit\u00e9 demande certainement des moyens en ressources humaines, des moyens financiers et mat\u00e9riels et \u00e9norm\u00e9ment de temps en ce moment pr\u00e9cis o\u00f9 c\u2019est ce qui manque le plus \u00e0 notre pays. Dans ce contexte, il est fort \u00e0 craindre que le Burkina Faso pr\u00e9side avec peu d\u2019efficacit\u00e9 le G5 SAHEL et ne soit pas en mesure de produire les r\u00e9sultats escompt\u00e9s. Aussi, n\u2019aurait-il pas \u00e9t\u00e9 plus sage pour le Pr\u00e9sident du Faso, de demander \u00e0 ses pairs d\u2019accepter par solidarit\u00e9 de passer son tour et d\u2019attendre un autre moment plus propice pour assumer cette charge noble et d\u00e9licate? A chaque chose son temps.<\/li><li>Le Burkina Faso vient \u00e0 peine de renouveler son \u00e9quipe gouvernementale et trois des ministres en charge des d\u00e9partements concern\u00e9s par le G5 SAHEL, \u00e0 savoir la D\u00e9fense, la S\u00e9curit\u00e9 et l\u2019Economie et les Finances, sont d\u00e9sormais g\u00e9r\u00e9s par des nouveaux venus, qui ont besoin de temps pour apprendre et maitriser les contours de leurs responsabilit\u00e9s en interne, avant de pouvoir assumer pleinement leurs responsabilit\u00e9s au niveau du G5 SAHEL. Le Ministre des Affaires Etrang\u00e8res de son c\u00f4t\u00e9 connait tr\u00e8s bien le G5 SAHEL, mais l\u2019on constate que son activisme et son enthousiasme sont \u00e9mouss\u00e9s depuis le d\u00e9but de l\u2019ann\u00e9e 2019.<\/li><li>Dans la situation de quasi guerre ouverte que vit le Burkina Faso, caract\u00e9ris\u00e9e par la recrudescence des attaques terroristes, ayant contraint le gouvernement \u00e0 d\u00e9clarer, \u00e0 compter du 1<sup>er<\/sup>&nbsp;janvier 2019, l\u2019\u00e9tat d\u2019urgence dans six (6) r\u00e9gions et quatorze (14) provinces, est-ce raisonnable et logique de continuer \u00e0 maintenir des troupes dans les op\u00e9rations de maintien de la paix \u00e0 l\u2019ext\u00e9rieur du pays, quand le besoin de renforcer les capacit\u00e9s de nos Forces Arm\u00e9es Nationales s\u2019impose. Il est difficile d\u2019honorer des engagements quand les conditions ne s\u2019y pr\u00eatent pas.<\/li><li>En outre et il faut \u00eatre pragmatique. Le Burkina Faso, Pr\u00e9sident du G5 SAHEL, produira une nouvelle situation d\u2019int\u00e9r\u00eat qui poussera les ennemis de notre Nation \u00e0 redoubler la pression et \u00e9ventuellement les repr\u00e9sailles contre les populations et l\u2019int\u00e9grit\u00e9 du territoire burkinab\u00e8.<\/li><li>Le G5 SAHEL est une initiative r\u00e9gionale g\u00e9n\u00e9reuse et pertinente pour la s\u00e9curit\u00e9 et le d\u00e9veloppement durable de la r\u00e9gion. C\u2019est pour cela que tous les efforts doivent converger vers la r\u00e9alisation urgente de ces objectifs que nous partageons. Sachons reculer pour mieux sauter quand cela est n\u00e9cessaire.<\/li><\/ul>\n\n\n\n<p>Nous savons tous que \u00ab<strong>GOUVERNER C\u2019EST PREVOIR<\/strong>\u00bb et \u00ab<strong>PREVOIR C\u2019EST SAVOIR AUSSI ETRE REALISTE<\/strong>\u00bb. Le moment que nous vivons n\u2019est pas au r\u00eave et le risque est bien r\u00e9el et grand pour que l\u2019on se pose la question sur l\u2019opportunit\u00e9 pour le Burkina Faso de prendre la Pr\u00e9sidence du G5 SAHEL en ce moment pr\u00e9cis de&nbsp; notre histoire.<\/p>\n\n\n\n<p>Que Dieu prot\u00e8ge le G5 SAHEL!&nbsp;\u00bb<\/p>\n\n\n\n<p><em>Dr Ablass\u00e9 OUEDRAOGO- Commandeur de l\u2019Ordre National<\/em><\/p>\n\n\n\n<p>Originally published on <a href=\"http:\/\/actuburkina.net\/g5-sahel-est-ce-raisonnable-que-le-burkina-faso-accepte-dassurer-la-presidence-sinterroge-ablasse-ouedraogo\/\"><strong>ActuBurkina<\/strong><\/a><\/p>\n","protected":false},"excerpt":{"rendered":"<p>\u00ab&nbsp;Dans le contexte de d\u00e9gradation catastrophique et effrayante de la s\u00e9curit\u00e9&nbsp; que vit le Burkina Faso, deux questionnements me taraudent l\u2019esprit et certainement que je ne suis pas seul dans ce cas: Est-ce raisonnable et logique que le Burkina Faso &hellip; <a href=\"https:\/\/francophone.port.ac.uk\/?p=2162\">Continue reading <span class=\"meta-nav\">&rarr;<\/span><\/a><\/p>\n","protected":false},"author":9,"featured_media":0,"comment_status":"open","ping_status":"open","sticky":false,"template":"","format":"standard","meta":{"jetpack_post_was_ever_published":false,"_jetpack_newsletter_access":"","_jetpack_dont_email_post_to_subs":false,"_jetpack_newsletter_tier_id":0,"_jetpack_memberships_contains_paywalled_content":false,"_jetpack_memberships_contains_paid_content":false,"footnotes":""},"categories":[1],"tags":[570,413,506,412,408],"class_list":["post-2162","post","type-post","status-publish","format-standard","hentry","category-uncategorised","tag-defence","tag-g5","tag-military","tag-sahel","tag-security"],"jetpack_featured_media_url":"","jetpack_sharing_enabled":true,"_links":{"self":[{"href":"https:\/\/francophone.port.ac.uk\/index.php?rest_route=\/wp\/v2\/posts\/2162","targetHints":{"allow":["GET"]}}],"collection":[{"href":"https:\/\/francophone.port.ac.uk\/index.php?rest_route=\/wp\/v2\/posts"}],"about":[{"href":"https:\/\/francophone.port.ac.uk\/index.php?rest_route=\/wp\/v2\/types\/post"}],"author":[{"embeddable":true,"href":"https:\/\/francophone.port.ac.uk\/index.php?rest_route=\/wp\/v2\/users\/9"}],"replies":[{"embeddable":true,"href":"https:\/\/francophone.port.ac.uk\/index.php?rest_route=%2Fwp%2Fv2%2Fcomments&post=2162"}],"version-history":[{"count":1,"href":"https:\/\/francophone.port.ac.uk\/index.php?rest_route=\/wp\/v2\/posts\/2162\/revisions"}],"predecessor-version":[{"id":2163,"href":"https:\/\/francophone.port.ac.uk\/index.php?rest_route=\/wp\/v2\/posts\/2162\/revisions\/2163"}],"wp:attachment":[{"href":"https:\/\/francophone.port.ac.uk\/index.php?rest_route=%2Fwp%2Fv2%2Fmedia&parent=2162"}],"wp:term":[{"taxonomy":"category","embeddable":true,"href":"https:\/\/francophone.port.ac.uk\/index.php?rest_route=%2Fwp%2Fv2%2Fcategories&post=2162"},{"taxonomy":"post_tag","embeddable":true,"href":"https:\/\/francophone.port.ac.uk\/index.php?rest_route=%2Fwp%2Fv2%2Ftags&post=2162"}],"curies":[{"name":"wp","href":"https:\/\/api.w.org\/{rel}","templated":true}]}}