{"id":2182,"date":"2019-03-28T10:37:37","date_gmt":"2019-03-28T10:37:37","guid":{"rendered":"http:\/\/francophone.port.ac.uk\/?p=2182"},"modified":"2019-03-28T10:37:42","modified_gmt":"2019-03-28T10:37:42","slug":"au-congo-le-candidat-battu-est-elu","status":"publish","type":"post","link":"https:\/\/francophone.port.ac.uk\/?p=2182","title":{"rendered":"Au Congo, le candidat battu\u2026 est \u00e9lu"},"content":{"rendered":"\n<p> Organis\u00e9es avec deux ans de retard, les \u00e9lections en R\u00e9publique d\u00e9mocratique du Congo se sont conclues par un arrangement politique sans rapport avec la r\u00e9alit\u00e9 des urnes. Cet \u00e9pilogue a suscit\u00e9 des divisions nouvelles en Afrique. \u00c9clipsant les habituelles r\u00e9actions de la \u00ab\u00a0communaut\u00e9 internationale\u00a0\u00bb, ces fractures \u00e9clairent les transformations politiques du continent. <\/p>\n\n\n\n<p>Une fois n\u2019est pas coutume, la manipulation des \u00e9lections g\u00e9n\u00e9rales du 30 d\u00e9cembre 2018 en R\u00e9publique d\u00e9mocratique du Congo (RDC) a ouvert une fracture en Afrique : d\u2019un c\u00f4t\u00e9, ceux qui voulaient faire pr\u00e9valoir la v\u00e9rit\u00e9 des urnes ; de l\u2019autre, ceux qui privil\u00e9giaient la d\u00e9cision \u00ab souveraine \u00bb du pays, au premier rang desquels l\u2019Afrique du Sud. In\u00e9dit, ce clivage r\u00e9v\u00e8le les nouveaux rapports de forces sur le continent et les d\u00e9bats qui le traversent.<\/p>\n\n\n\n<p>L\u2019annonce des r\u00e9sultats provisoires par la Commission \u00e9lectorale nationale ind\u00e9pendante (CENI) le 10&nbsp;janvier 2019 a imm\u00e9diatement suscit\u00e9 la pol\u00e9mique. Apr\u00e8s avoir demand\u00e9 un nouveau d\u00e9compte des voix, l\u2019Union africaine a d\u00fb s\u2019incliner devant le verdict du Conseil constitutionnel le 20&nbsp;janvier. Contre l\u2019\u00e9vidence, M.&nbsp;F\u00e9lix Tshisekedi, candidat de la coalition Cap pour le changement (CACH), a \u00e9t\u00e9 proclam\u00e9 vainqueur, avec 38,57&nbsp;% des voix, devant celui de l\u2019autre coalition d\u2019opposition, Lamuka (R\u00e9veillez-vous), M.&nbsp;Martin Fayulu (34,83&nbsp;%), et le dauphin du pr\u00e9sident sortant Joseph Kabila, M.&nbsp;Emmanuel Ramazani Shadary (23,84&nbsp;%), \u00e0 l\u2019issue de ce scrutin uninominal \u00e0 un tour.<\/p>\n\n\n\n<p>Sur le fond, le doute ne semble pourtant pas permis. Dans un rapport publi\u00e9 le 18&nbsp;janvier, la tr\u00e8s bien renseign\u00e9e et respect\u00e9e Conf\u00e9rence \u00e9piscopale nationale des \u00e9v\u00eaques congolais (Cenco) d\u00e9voilait, sur la base d\u2019un \u00e9chantillon repr\u00e9sentatif de 13,1&nbsp;millions d\u2019\u00e9lecteurs, un podium bien diff\u00e9rent&nbsp;: M.&nbsp;Fayulu (62,11&nbsp;%), puis M.&nbsp;Tshisekedi (16,93&nbsp;%) et enfin M.&nbsp;Ramazani Shadary (16,88&nbsp;%). La m\u00e9thode utilis\u00e9e pour ce comptage a fait ses preuves au Ghana (2011 et 2016), au Nigeria&nbsp;(2011 et 2015), en Tunisie (2014), ainsi qu\u2019au Burkina Faso et en C\u00f4te d\u2019Ivoire en&nbsp;2015.<\/p>\n\n\n\n<h3 class=\"wp-block-heading\">Arrangement improbable<\/h3>\n\n\n\n<p>Le r\u00e9sultat officiel a en fait \u00e9t\u00e9 n\u00e9goci\u00e9 au dernier moment entre MM.\u00a0Kabila et Tshisekedi. Confront\u00e9 \u00e0 l\u2019\u00e9chec de son dauphin, M.\u00a0Kabila a pr\u00e9f\u00e9r\u00e9 trouver un accord avec celui qui n\u2019est arriv\u00e9 qu\u2019en deuxi\u00e8me position, en lui conc\u00e9dant son fauteuil, tandis que les \u00e9lections l\u00e9gislatives,\u00a0(&#8230;)<\/p>\n\n\n\n<p>Read more on<strong><a href=\"https:\/\/www.monde-diplomatique.fr\/2019\/03\/MISSER\/59601\"> Le Monde <\/a><\/strong><em><strong><a href=\"https:\/\/www.monde-diplomatique.fr\/2019\/03\/MISSER\/59601\">Diplomatique<\/a><\/strong><\/em><\/p>\n","protected":false},"excerpt":{"rendered":"<p>Organis\u00e9es avec deux ans de retard, les \u00e9lections en R\u00e9publique d\u00e9mocratique du Congo se sont conclues par un arrangement politique sans rapport avec la r\u00e9alit\u00e9 des urnes. Cet \u00e9pilogue a suscit\u00e9 des divisions nouvelles en Afrique. \u00c9clipsant les habituelles r\u00e9actions &hellip; <a href=\"https:\/\/francophone.port.ac.uk\/?p=2182\">Continue reading <span class=\"meta-nav\">&rarr;<\/span><\/a><\/p>\n","protected":false},"author":9,"featured_media":0,"comment_status":"open","ping_status":"open","sticky":false,"template":"","format":"standard","meta":{"jetpack_post_was_ever_published":false,"_jetpack_newsletter_access":"","_jetpack_dont_email_post_to_subs":false,"_jetpack_newsletter_tier_id":0,"_jetpack_memberships_contains_paywalled_content":false,"_jetpack_memberships_contains_paid_content":false,"footnotes":""},"categories":[1],"tags":[589,136],"class_list":["post-2182","post","type-post","status-publish","format-standard","hentry","category-uncategorised","tag-drc","tag-elections"],"jetpack_featured_media_url":"","jetpack_sharing_enabled":true,"_links":{"self":[{"href":"https:\/\/francophone.port.ac.uk\/index.php?rest_route=\/wp\/v2\/posts\/2182","targetHints":{"allow":["GET"]}}],"collection":[{"href":"https:\/\/francophone.port.ac.uk\/index.php?rest_route=\/wp\/v2\/posts"}],"about":[{"href":"https:\/\/francophone.port.ac.uk\/index.php?rest_route=\/wp\/v2\/types\/post"}],"author":[{"embeddable":true,"href":"https:\/\/francophone.port.ac.uk\/index.php?rest_route=\/wp\/v2\/users\/9"}],"replies":[{"embeddable":true,"href":"https:\/\/francophone.port.ac.uk\/index.php?rest_route=%2Fwp%2Fv2%2Fcomments&post=2182"}],"version-history":[{"count":1,"href":"https:\/\/francophone.port.ac.uk\/index.php?rest_route=\/wp\/v2\/posts\/2182\/revisions"}],"predecessor-version":[{"id":2183,"href":"https:\/\/francophone.port.ac.uk\/index.php?rest_route=\/wp\/v2\/posts\/2182\/revisions\/2183"}],"wp:attachment":[{"href":"https:\/\/francophone.port.ac.uk\/index.php?rest_route=%2Fwp%2Fv2%2Fmedia&parent=2182"}],"wp:term":[{"taxonomy":"category","embeddable":true,"href":"https:\/\/francophone.port.ac.uk\/index.php?rest_route=%2Fwp%2Fv2%2Fcategories&post=2182"},{"taxonomy":"post_tag","embeddable":true,"href":"https:\/\/francophone.port.ac.uk\/index.php?rest_route=%2Fwp%2Fv2%2Ftags&post=2182"}],"curies":[{"name":"wp","href":"https:\/\/api.w.org\/{rel}","templated":true}]}}